{"id":13221,"date":"2024-11-25T12:22:25","date_gmt":"2024-11-25T11:22:25","guid":{"rendered":"https:\/\/acampa-vacances.com\/blog\/a-la-decouverte-du-parcours-des-arts-a-hyeres\/"},"modified":"2026-02-02T15:21:29","modified_gmt":"2026-02-02T14:21:29","slug":"den-parcours-des-arts-in-hyeres-entdecken","status":"publish","type":"blog","link":"https:\/\/acampa-vacances.com\/de\/blog\/den-parcours-des-arts-in-hyeres-entdecken\/","title":{"rendered":"Entdecken Sie den Kunstpfad"},"content":{"rendered":"<nav class=\"fildariane\"><a class=\"fildariane__item\" href=\"https:\/\/acampa-vacances.com\/de\/\">Acampa<\/a><span class=\"fc-icon\"><svg xmlns=\"http:\/\/www.w3.org\/2000\/svg\"  viewBox=\"0 0 320 512\" width=\"16px\" height=\"16px\"><!--! Font Awesome Pro 6.4.2 by @fontawesome - https:\/\/fontawesome.com License - https:\/\/fontawesome.com\/license (Commercial License) Copyright 2023 Fonticons, Inc.--><path d=\"M267.3 244.7c6.2 6.2 6.2 16.4 0 22.6l-160 160c-6.2 6.2-16.4 6.2-22.6 0s-6.2-16.4 0-22.6L233.4 256 84.7 107.3c-6.2-6.2-6.2-16.4 0-22.6s16.4-6.2 22.6 0l160 160z\"\/><\/svg><\/span><span class=\"fildariane__item\">Entdecken Sie den Kunstpfad<\/span><\/nav><a class=\"fildariane__item retour\" href=\"https:\/\/acampa-vacances.com\/de\/\"\"><span class=\"fc-icon\"><svg xmlns=\"http:\/\/www.w3.org\/2000\/svg\"  viewBox=\"0 0 448 512\" width=\"16px\" height=\"16px\"><!--! Font Awesome Pro 6.4.2 by @fontawesome - https:\/\/fontawesome.com License - https:\/\/fontawesome.com\/license (Commercial License) Copyright 2023 Fonticons, Inc.--><path d=\"M7.4 273.4C2.7 268.8 0 262.6 0 256s2.7-12.8 7.4-17.4l176-168c9.6-9.2 24.8-8.8 33.9 .8s8.8 24.8-.8 33.9L83.9 232 424 232c13.3 0 24 10.7 24 24s-10.7 24-24 24L83.9 280 216.6 406.6c9.6 9.2 9.9 24.3 .8 33.9s-24.3 9.9-33.9 .8l-176-168z\"\/><\/svg><\/span>Zur\u00fcck zur Startseite<\/a>\n\n\n<h1>Entdecken Sie den Parcours des Arts in Hy\u00e8res<\/h1>\n\n<p>Suchen Sie nach Ideen f\u00fcr einen Familienausflug in die Stadt Hy\u00e8res? Wir schlagen Ihnen heute eine Entdeckungsreise durch das Kulturerbe und das Kunsthandwerk im alten Zentrum von Hy\u00e8res vor. Nicht weit vom Campingplatz entfernt befindet sich der Parcours der K\u00fcnste und des Kulturerbes. Folgen Sie uns?   <\/p>\n\n<div class=\"columns\"><div class=\"columns__item\" style=\"align-self:center;\"><h2>Preisgekr\u00f6nte thematische Rundreise in Hy\u00e8res<\/h2><p>Der <strong>Kunst- und Kulturerbe-Rundgang<\/strong> f\u00fchrt Sie zu Handwerkern und Kunstschaffenden, die Ihnen ihr traditionelles Wissen und ihre Talente zeigen, w\u00e4hrend Sie das architektonische, pflanzliche und st\u00e4dtische Erbe genie\u00dfen.<\/p><p>Der Parcours des Arts wurde beim nationalen Wettbewerb f\u00fcr urbane Kunst im Jahr 2018 mit dem 1. Preis ausgezeichnet.<\/p><\/div><div class=\"columns__item\"><figure style=\"position:relative;\"><picture><source srcset=\"https:\/\/acampa-vacances.com\/wp-content\/uploads\/2024\/11\/parcours-des-arts-768x512-1-1-420x420.jpg.webp\" media=\"(max-width: 210px)\"><source srcset=\"https:\/\/acampa-vacances.com\/wp-content\/uploads\/2024\/11\/parcours-des-arts-768x512-1-1.jpg.webp\" media=\"(max-width: 420px)\"><source srcset=\"https:\/\/acampa-vacances.com\/wp-content\/uploads\/2024\/11\/parcours-des-arts-768x512-1-1.jpg.webp\" media=\"(max-width: 850px)\"><source srcset=\"https:\/\/acampa-vacances.com\/wp-content\/uploads\/2024\/11\/parcours-des-arts-768x512-1-1.jpg.webp\" media=\"(max-width: 1024px)\"><source srcset=\"https:\/\/acampa-vacances.com\/wp-content\/uploads\/2024\/11\/parcours-des-arts-768x512-1-1.jpg.webp\" media=\"(min-width: 1025px)\"><img decoding=\"async\" src=\"https:\/\/acampa-vacances.com\/wp-content\/uploads\/2024\/11\/parcours-des-arts-768x512-1-1-420x420.jpg.webp\" width=\"420\" height=\"210\" loading=\"lazy\" alt=\"\" title=\"\"><\/picture><figcaption>Julien Veyssade \/ Tourisme Provence M\u00e9diterran\u00e9e<\/figcaption><\/figure><\/div><\/div>\n\n<h2>Sch\u00f6ne Begegnungen in Hy\u00e8res<\/h2>\n\n<p>Etwa 30 Ateliers und Boutiquen s\u00e4umen das alte Zentrum. Kommen Sie in den Gassen mit dieser sch\u00f6nen Gemeinschaft von K\u00fcnstlern ins Gespr\u00e4ch: Geigenbauer, Steinmetze, Sattler, bildende K\u00fcnstler, Glasbl\u00e4ser, Keramiker, Maler, aber auch Modesch\u00f6pfer, Kalligraphen&#8230; Sie werden Ihnen ihre Werkst\u00e4tten, ihr K\u00f6nnen und ihre Leidenschaft zeigen&#8230; <\/p>\n\n<p>Neben diesen sch\u00f6nen Begegnungen k\u00f6nnen Sie auch das architektonische Erbe des historischen Zentrums von Hyeros genie\u00dfen.<\/p>\n\n<div class=\"columns\"><div class=\"columns__item\"><figure style=\"position:relative;\"><picture><source srcset=\"https:\/\/acampa-vacances.com\/wp-content\/uploads\/2024\/11\/banque-jpg-768x576-1-420x420.jpg.webp\" media=\"(max-width: 210px)\"><source srcset=\"https:\/\/acampa-vacances.com\/wp-content\/uploads\/2024\/11\/banque-jpg-768x576-1.jpg.webp\" media=\"(max-width: 420px)\"><source srcset=\"https:\/\/acampa-vacances.com\/wp-content\/uploads\/2024\/11\/banque-jpg-768x576-1.jpg.webp\" media=\"(max-width: 850px)\"><source srcset=\"https:\/\/acampa-vacances.com\/wp-content\/uploads\/2024\/11\/banque-jpg-768x576-1.jpg.webp\" media=\"(max-width: 1024px)\"><source srcset=\"https:\/\/acampa-vacances.com\/wp-content\/uploads\/2024\/11\/banque-jpg-768x576-1.jpg.webp\" media=\"(min-width: 1025px)\"><img decoding=\"async\" src=\"https:\/\/acampa-vacances.com\/wp-content\/uploads\/2024\/11\/banque-jpg-768x576-1-420x420.jpg.webp\" width=\"420\" height=\"210\" loading=\"lazy\" alt=\"\" title=\"\"><\/picture><figcaption>Julien Veyssade \/ Tourisme Provence M\u00e9diterran\u00e9e<\/figcaption><\/figure><\/div><div class=\"columns__item\" style=\"align-self:center;\"><h2>Und eine wunderbare Architektur in Hy\u00e8res<\/h2><p>Auf diesem Weg k\u00f6nnen Sie die<strong>Kirche Saint-Louis<\/strong>, den 1830 angelegten <strong>Square Stalingrad<\/strong>, den <strong>Place Saint-Paul<\/strong> und <strong>das Lavoir<\/strong>, die <strong>mit dem Ruban du Patrimoine<\/strong> ausgezeichnet wurden, entdecken. Besuchen Sie auch <strong>La Banque<\/strong>, das neue Museum <strong>f\u00fcr Kulturen und Landschaften<\/strong> im Stadtzentrum, das die Sammlungen von <strong>Hyeres<\/strong> <strong>beherbergt<\/strong>, die als Mus\u00e9e de France eingestuft sind. <\/p><\/div><\/div>\n\n<h2>Buchen Sie Ihren Aufenthalt auf einem unserer Partner-Campingpl\u00e4tze in Giens<\/h2>\n\n<p>Um einen sch\u00f6nen Urlaub zu verbringen und alle Facetten von Hy\u00e8res zu entdecken, m\u00fcssen Sie auf die Halbinsel Giens gehen! Die Halbinsel Giens liegt in der N\u00e4he der Ile de Porquerolles, der Ile de Port-Cros und der Ile du Levant und ist sehr beliebt bei&#8230; <\/p>\n\n<p id=\"https:\/\/acampa-vacances.com\/clairdelune\/accueil\/\">Auf dem <a href=\"https:\/\/acampa-vacances.com\/de\/clairdelune\/willkommen\/\" data-type=\"link\" data-id=\"https:\/\/acampa-vacances.com\/clairdelune\/accueil\/\">Campingplatz Clair de Lune<\/a> finden Sie ruhig gelegene Unterk\u00fcnfte f\u00fcr einen ruhigen Urlaub.<\/p>\n\n<p id=\"https:\/\/acampa-vacances.com\/iledor\/accueil\/\">F\u00fcr einen herzlichen und geselligen Urlaub k\u00f6nnen Sie eine komfortable Unterkunft oder einen Stellplatz auf dem <a href=\"https:\/\/acampa-vacances.com\/de\/iledor\/willkommen\/\" data-type=\"link\" data-id=\"https:\/\/acampa-vacances.com\/iledor\/accueil\/\">Campingplatz L&#8217;Ile d&#8217;Or<\/a> genie\u00dfen.<\/p>\n\n<p id=\"https:\/\/acampa-vacances.com\/international\/accueil\/\">Wenn f\u00fcr Sie Urlaub mit sportlichen Aktivit\u00e4ten verbunden ist, dann besuchen Sie den <a href=\"https:\/\/acampa-vacances.com\/de\/international\/willkommen\/\" data-type=\"link\" data-id=\"https:\/\/acampa-vacances.com\/international\/accueil\/\">Internationalen Campingplatz<\/a>!<\/p>\n\n<h3>Andere lesenswerte Artikel \u00fcber Sehensw\u00fcrdigkeiten in Hy\u00e8res<\/h3>\n\n<ul><li><a href=\"https:\/\/acampa-vacances.com\/it\/blog\/trois-domaines-e-vigneti-vicino-a-hyeres\/\" data-type=\"link\" data-id=\"https:\/\/acampa-vacances.com\/blog\/trois-domaines-et-vignobles-proches-de-hyeres\/\">Drei Weing\u00fcter und Weinberge in der N\u00e4he von Hy\u00e8res<\/a>\n<\/li><li><a href=\"https:\/\/acampa-vacances.com\/it\/blog\/scopri-tre-birre-artigianali-prodotte-nel-var\/\" data-type=\"link\" data-id=\"https:\/\/acampa-vacances.com\/blog\/decouvrez-trois-bieres-artisanales-brassees-dans-le-var\/\">Auf der Stra\u00dfe des Bieres<\/a>\n<\/li><li><a href=\"https:\/\/acampa-vacances.com\/it\/blog\/tradizione-provenzale-les-santons-et-les-santonniers-du-var\/\" data-type=\"link\" data-id=\"https:\/\/acampa-vacances.com\/blog\/tradition-provencale-les-santons-et-les-santonniers-du-var\/\">Entdecken Sie die Santons aus der Provence und die Santonniers aus dem Var.<\/a>\n<\/li><\/ul>","protected":false},"excerpt":{"rendered":"<p>Entdecken Sie den Parcours des Arts in Hy\u00e8res Suchen Sie nach Ideen f\u00fcr einen Familienausflug in die Stadt Hy\u00e8res? Wir schlagen Ihnen heute eine Entdeckungsreise durch das Kulturerbe und das Kunsthandwerk im alten Zentrum von Hy\u00e8res vor. Nicht weit vom Campingplatz entfernt befindet sich der Parcours der K\u00fcnste und des Kulturerbes. Folgen Sie uns? Preisgekr\u00f6nte [&hellip;]<\/p>\n","protected":false},"featured_media":3255,"menu_order":0,"template":"","format":"standard","meta":{"_acf_changed":false,"footnotes":""},"blog":[59],"acf":[],"_links":{"self":[{"href":"https:\/\/acampa-vacances.com\/de\/wp-json\/wp\/v2\/blog\/13221"}],"collection":[{"href":"https:\/\/acampa-vacances.com\/de\/wp-json\/wp\/v2\/blog"}],"about":[{"href":"https:\/\/acampa-vacances.com\/de\/wp-json\/wp\/v2\/types\/blog"}],"version-history":[{"count":2,"href":"https:\/\/acampa-vacances.com\/de\/wp-json\/wp\/v2\/blog\/13221\/revisions"}],"predecessor-version":[{"id":16846,"href":"https:\/\/acampa-vacances.com\/de\/wp-json\/wp\/v2\/blog\/13221\/revisions\/16846"}],"wp:featuredmedia":[{"embeddable":true,"href":"https:\/\/acampa-vacances.com\/de\/wp-json\/wp\/v2\/media\/3255"}],"wp:attachment":[{"href":"https:\/\/acampa-vacances.com\/de\/wp-json\/wp\/v2\/media?parent=13221"}],"wp:term":[{"taxonomy":"blog","embeddable":true,"href":"https:\/\/acampa-vacances.com\/de\/wp-json\/wp\/v2\/blog?post=13221"}],"curies":[{"name":"wp","href":"https:\/\/api.w.org\/{rel}","templated":true}]}}