{"id":13231,"date":"2024-11-25T12:22:25","date_gmt":"2024-11-25T11:22:25","guid":{"rendered":"https:\/\/acampa-vacances.com\/blog\/sortie-nature-aux-salins-dhyeres-var-83-presquile-de-giens\/"},"modified":"2026-02-02T16:08:04","modified_gmt":"2026-02-02T15:08:04","slug":"naturausflug-aux-salins-dhyeres-var-83-presquile-de-giens","status":"publish","type":"blog","link":"https:\/\/acampa-vacances.com\/de\/blog\/naturausflug-aux-salins-dhyeres-var-83-presquile-de-giens\/","title":{"rendered":"Naturausflug zu den Salinen von Hy\u00e8res"},"content":{"rendered":"<nav class=\"fildariane\"><a class=\"fildariane__item\" href=\"https:\/\/acampa-vacances.com\/de\/\">Acampa<\/a><span class=\"fc-icon\"><svg xmlns=\"http:\/\/www.w3.org\/2000\/svg\"  viewBox=\"0 0 320 512\" width=\"16px\" height=\"16px\"><!--! Font Awesome Pro 6.4.2 by @fontawesome - https:\/\/fontawesome.com License - https:\/\/fontawesome.com\/license (Commercial License) Copyright 2023 Fonticons, Inc.--><path d=\"M267.3 244.7c6.2 6.2 6.2 16.4 0 22.6l-160 160c-6.2 6.2-16.4 6.2-22.6 0s-6.2-16.4 0-22.6L233.4 256 84.7 107.3c-6.2-6.2-6.2-16.4 0-22.6s16.4-6.2 22.6 0l160 160z\"\/><\/svg><\/span><span class=\"fildariane__item\">Naturausflug zu den Salinen von Hy\u00e8res<\/span><\/nav><a class=\"fildariane__item retour\" href=\"https:\/\/acampa-vacances.com\/de\/\"\"><span class=\"fc-icon\"><svg xmlns=\"http:\/\/www.w3.org\/2000\/svg\"  viewBox=\"0 0 448 512\" width=\"16px\" height=\"16px\"><!--! Font Awesome Pro 6.4.2 by @fontawesome - https:\/\/fontawesome.com License - https:\/\/fontawesome.com\/license (Commercial License) Copyright 2023 Fonticons, Inc.--><path d=\"M7.4 273.4C2.7 268.8 0 262.6 0 256s2.7-12.8 7.4-17.4l176-168c9.6-9.2 24.8-8.8 33.9 .8s8.8 24.8-.8 33.9L83.9 232 424 232c13.3 0 24 10.7 24 24s-10.7 24-24 24L83.9 280 216.6 406.6c9.6 9.2 9.9 24.3 .8 33.9s-24.3 9.9-33.9 .8l-176-168z\"\/><\/svg><\/span>Zur\u00fcck zur Startseite<\/a>\n\n\n<h1>Naturausflug zu den Salinen von Hy\u00e8res &#8211; Var 83 &#8211; Presqu&#8217;\u00eele de Giens<\/h1>\n\n<p>Kennen Sie die Salins d&#8217;Hy\u00e8res? Es ist wirklich nicht weit von Ihrem Campingplatz entfernt! Wir empfehlen Ihnen diese sch\u00f6ne Wanderung, bei der es viel zu entdecken gibt. Zu Fu\u00df oder mit dem Fahrrad k\u00f6nnen Sie die Salzlandschaften und eine au\u00dfergew\u00f6hnliche Artenvielfalt entdecken. Viel Spa\u00df beim Entdecken!    <\/p>\n\n<div class=\"columns\"><div class=\"columns__item\" style=\"align-self:center;\"><h2>Geographische Lage der Salins d&#8217;Hy\u00e8res<\/h2><p>Lassen Sie uns nun \u00fcber die geographische Lage sprechen. Die Salins d&#8217;Hy\u00e8res sind ein bemerkenswertes Naturgebiet mit dem Label &#8222;<em>Feuchtgebiet von internationaler Bedeutung<\/em>&#8222;. Sie umfassen zwei Gebiete:  <\/p><p id=\"https:\/\/acampa-vacances.com\/blog\/la-route-du-sel-une-route-mythique\/\">Erstens,<strong> Les Vieux Salins (Die<\/strong> alten<strong> Salinen<\/strong> ): Die alten<strong> Salinen<\/strong> liegen fast 3 km entlang der K\u00fcste im Osten von Hy\u00e8res (Stadtteil Saint-Nicolas). <strong>Die<\/strong> Besichtigung ist frei.<br>Zweitens: <strong>Le Salin des Pesquiers<\/strong> befindet sich im mittleren Teil des doppelten Tombolos der Halbinsel Giens. Dieser Ort ist nur im Rahmen von <a href=\"https:\/\/paca.lpo.fr\/sorties-nature\/ou-aller\/var\/salins-hyeres\/visite-grand-public#:~:text=D&#039;une%20dur%C3%A9e%20de%202h,au%2004.94.01.09.77.\" rel=\"noopener\">F\u00fchrungen<\/a> zug\u00e4nglich. Von der <a href=\"https:\/\/acampa-vacances.com\/it\/blog\/la-via-del-sale-una-strada-mitica\/\" data-type=\"link\" data-id=\"https:\/\/acampa-vacances.com\/blog\/la-route-du-sel-une-route-mythique\/\">Route du Sel<\/a> aus haben Sie Zugang zu Observatorien, von denen aus Sie V\u00f6gel beobachten k\u00f6nnen.     <\/p><\/div><div class=\"columns__item\"><figure style=\"position:relative;\"><picture><source srcset=\"https:\/\/acampa-vacances.com\/wp-content\/uploads\/2024\/11\/image3-420x313.jpg.webp\" media=\"(max-width: 210px)\"><source srcset=\"https:\/\/acampa-vacances.com\/wp-content\/uploads\/2024\/11\/image3.jpg.webp\" media=\"(max-width: 420px)\"><source srcset=\"https:\/\/acampa-vacances.com\/wp-content\/uploads\/2024\/11\/image3.jpg.webp\" media=\"(max-width: 850px)\"><source srcset=\"https:\/\/acampa-vacances.com\/wp-content\/uploads\/2024\/11\/image3.jpg.webp\" media=\"(max-width: 1024px)\"><source srcset=\"https:\/\/acampa-vacances.com\/wp-content\/uploads\/2024\/11\/image3.jpg.webp\" media=\"(min-width: 1025px)\"><img decoding=\"async\" src=\"https:\/\/acampa-vacances.com\/wp-content\/uploads\/2024\/11\/image3-420x313.jpg.webp\" width=\"420\" height=\"210\" loading=\"lazy\" alt=\"\" title=\"\"><\/picture><figcaption>Julien Veyssade \/ Tourisme Provence M\u00e9diterran\u00e9e<\/figcaption><\/figure><\/div><\/div>\n\n<h2>Biodiversit\u00e4t im Herzen der Salinen von Hy\u00e8res<\/h2>\n\n<p>Zahlreiche Pflanzen- und Tierarten leben in den Feuchtgebieten der Salins d&#8217;Hy\u00e8res.<\/p>\n\n<h3>Eine gesch\u00fctzte Flora<\/h3>\n\n<p>Die Salins d&#8217;Hy\u00e8res umfassen verschiedene nat\u00fcrliche Lebensr\u00e4ume wie Teiche, Kiefernw\u00e4lder, Salzwiesen&#8230; Mehr als 300 Pflanzenarten wie die Sandlilie, Orchideen oder die Strandsimse wurden hier registriert. Diese Lebensr\u00e4ume bieten einen wichtigen Lebensraum f\u00fcr viele Arten und erm\u00f6glichen so eine bl\u00fchende Biodiversit\u00e4t. Dar\u00fcber hinaus spielen diese Feuchtgebiete eine entscheidende Rolle bei der Erhaltung der \u00d6kosysteme und tragen zur Erhaltung der gesch\u00fctzten Flora bei.  <\/p>\n\n<div class=\"columns\"><div class=\"columns__item\"><figure style=\"position:relative;\"><picture><source srcset=\"https:\/\/acampa-vacances.com\/wp-content\/uploads\/2024\/11\/image4-1-1.png.webp\" media=\"(max-width: 210px)\"><source srcset=\"https:\/\/acampa-vacances.com\/wp-content\/uploads\/2024\/11\/image4-1-1.png.webp\" media=\"(max-width: 420px)\"><source srcset=\"https:\/\/acampa-vacances.com\/wp-content\/uploads\/2024\/11\/image4-1-1.png.webp\" media=\"(max-width: 850px)\"><source srcset=\"https:\/\/acampa-vacances.com\/wp-content\/uploads\/2024\/11\/image4-1-1.png.webp\" media=\"(max-width: 1024px)\"><source srcset=\"https:\/\/acampa-vacances.com\/wp-content\/uploads\/2024\/11\/image4-1-1.png.webp\" media=\"(min-width: 1025px)\"><img decoding=\"async\" src=\"https:\/\/acampa-vacances.com\/wp-content\/uploads\/2024\/11\/image4-1-1.png.webp\" width=\"420\" height=\"210\" style=\"object-fit:cover;\" loading=\"lazy\" alt=\"\" title=\"\"><\/picture><figcaption>Arvind Telkar<\/figcaption><\/figure><\/div><div class=\"columns__item\" style=\"align-self:center;\"><h2>Eine vielf\u00e4ltige Fauna<\/h2><p>Es wurden mehr als 320 Vogelarten beobachtet. Der Star ist zweifellos der Flamingo! <\/p><p>Aber auch S\u00e4belschn\u00e4bler, Stelzenl\u00e4ufer, Sperlingsv\u00f6gel, Raubv\u00f6gel&#8230; Aber auch Schmetterlinge, Libellen, Flederm\u00e4use&#8230; sind hier zu finden.<\/p><p>Und nat\u00fcrlich Aal, Dorade, Brasse&#8230;<\/p><p>F\u00fchrungen durch die Salinen werden organisiert, klicken Sie <a href=\"https:\/\/paca.lpo.fr\/sorties-nature\/ou-aller\/var\/salins-hyeres\/visite-grand-public#:~:text=D&#039;une%20dur%C3%A9e%20de%202h,au%2004.94.01.09.77.\" rel=\"noopener\">HIER<\/a> f\u00fcr weitere Informationen.  <\/p><\/div><\/div>\n\n<p><p><\/p>\n\n<h2>Buchen Sie Ihren Aufenthalt auf einem unserer Campingpl\u00e4tze in Giens<\/h2>\n\n<p>Auf der Halbinsel Giens k\u00f6nnen Sie so viele Spazierg\u00e4nge machen, sch\u00f6ne Sonnenunterg\u00e4nge sehen, Sandburgen bauen&#8230; \u26f1\ufe0f<\/p>\n\n<p id=\"https:\/\/acampa-vacances.com\/clairdelune\/accueil\/\">Apropos Urlaub: Der <a href=\"https:\/\/acampa-vacances.com\/de\/clairdelune\/willkommen\/\" data-type=\"link\" data-id=\"https:\/\/acampa-vacances.com\/clairdelune\/accueil\/\">Campingplatz Clair de Lune<\/a> verspricht Ihnen einen ruhigen Urlaub. F\u00fcr Ihre kleine Familie k\u00f6nnen Sie das Appartement <a href=\"https:\/\/acampa-vacances.com\/de\/clairdelune\/unterkunft\/\" data-type=\"link\" data-id=\"https:\/\/acampa-vacances.com\/clairdelune\/hebergements\/\">Eucalyptus<\/a> buchen. Besuchen Sie uns auf <a href=\"https:\/\/www.instagram.com\/cotedazur_clairdelune\/?hl=fr\" rel=\"noopener\">Insta<\/a>!<\/p>\n\n<p id=\"https:\/\/acampa-vacances.com\/international\/accueil\/\">Wenn Sie eher auf der Suche nach einem sportlichen Urlaub sind, dann ist <a href=\"https:\/\/acampa-vacances.com\/de\/international\/willkommen\/\" data-type=\"link\" data-id=\"https:\/\/acampa-vacances.com\/international\/accueil\/\">Camping International<\/a> genau das Richtige f\u00fcr Sie! Wie w\u00e4re es mit einem Liebesurlaub? Genie\u00dfen Sie unser <a href=\"https:\/\/acampa-vacances.com\/de\/international\/unterkunft\/\" data-type=\"link\" data-id=\"https:\/\/acampa-vacances.com\/international\/hebergements\/\">Mobilheim Twice<\/a>. F\u00fcr Familien ist das <a href=\"https:\/\/acampa-vacances.com\/de\/international\/unterkunft\/\" data-type=\"link\" data-id=\"https:\/\/acampa-vacances.com\/international\/hebergements\/\">Mobilheim Bora Bora<\/a> perfekt geeignet. Besuchen Sie uns auch auf unserem <a href=\"https:\/\/www.instagram.com\/campinginternationalgiens\/?hl=fr\" rel=\"noopener\">Instagram-Account<\/a>.<\/p>\n\n<p id=\"https:\/\/acampa-vacances.com\/iledor\/accueil\/\"><a href=\"https:\/\/acampa-vacances.com\/de\/iledor\/willkommen\/\" data-type=\"link\" data-id=\"https:\/\/acampa-vacances.com\/iledor\/accueil\/\">Camping l&#8217;Ile d&#8217;Or<\/a> steht f\u00fcr Natururlaub! Buchen Sie ein <a href=\"https:\/\/acampa-vacances.com\/de\/iledor\/unterkunft\/\" data-type=\"link\" data-id=\"https:\/\/acampa-vacances.com\/iledor\/hebergements\/\">Mobilheim<\/a> oder einen Stellplatz. <a href=\"https:\/\/www.instagram.com\/campingiledor_giens\/\" rel=\"noopener\">Besuchen<\/a> Sie uns!<\/p>\n\n<p>Wir erwarten Sie auf <a href=\"https:\/\/www.facebook.com\/camping.international.de.giens\/\" rel=\"noopener\">Facebook<\/a>!<\/p>","protected":false},"excerpt":{"rendered":"<p>Naturausflug zu den Salinen von Hy\u00e8res &#8211; Var 83 &#8211; Presqu&#8217;\u00eele de Giens Kennen Sie die Salins d&#8217;Hy\u00e8res? Es ist wirklich nicht weit von Ihrem Campingplatz entfernt! Wir empfehlen Ihnen diese sch\u00f6ne Wanderung, bei der es viel zu entdecken gibt. Zu Fu\u00df oder mit dem Fahrrad k\u00f6nnen Sie die Salzlandschaften und eine au\u00dfergew\u00f6hnliche Artenvielfalt entdecken. [&hellip;]<\/p>\n","protected":false},"featured_media":8708,"menu_order":0,"template":"","format":"standard","meta":{"_acf_changed":false,"footnotes":""},"blog":[58],"acf":[],"_links":{"self":[{"href":"https:\/\/acampa-vacances.com\/de\/wp-json\/wp\/v2\/blog\/13231"}],"collection":[{"href":"https:\/\/acampa-vacances.com\/de\/wp-json\/wp\/v2\/blog"}],"about":[{"href":"https:\/\/acampa-vacances.com\/de\/wp-json\/wp\/v2\/types\/blog"}],"version-history":[{"count":2,"href":"https:\/\/acampa-vacances.com\/de\/wp-json\/wp\/v2\/blog\/13231\/revisions"}],"predecessor-version":[{"id":16857,"href":"https:\/\/acampa-vacances.com\/de\/wp-json\/wp\/v2\/blog\/13231\/revisions\/16857"}],"wp:featuredmedia":[{"embeddable":true,"href":"https:\/\/acampa-vacances.com\/de\/wp-json\/wp\/v2\/media\/8708"}],"wp:attachment":[{"href":"https:\/\/acampa-vacances.com\/de\/wp-json\/wp\/v2\/media?parent=13231"}],"wp:term":[{"taxonomy":"blog","embeddable":true,"href":"https:\/\/acampa-vacances.com\/de\/wp-json\/wp\/v2\/blog?post=13231"}],"curies":[{"name":"wp","href":"https:\/\/api.w.org\/{rel}","templated":true}]}}