{"id":13327,"date":"2024-11-25T12:22:25","date_gmt":"2024-11-25T11:22:25","guid":{"rendered":"https:\/\/acampa-vacances.com\/blog\/la-tour-royale-de-toulon\/"},"modified":"2025-01-29T09:10:36","modified_gmt":"2025-01-29T08:10:36","slug":"der-konigliche-turm-von-toulon","status":"publish","type":"blog","link":"https:\/\/acampa-vacances.com\/de\/blog\/der-konigliche-turm-von-toulon\/","title":{"rendered":"K\u00f6niglicher Turm von Toulon"},"content":{"rendered":"<nav class=\"fildariane\"><a class=\"fildariane__item\" href=\"https:\/\/acampa-vacances.com\/de\/\">Acampa<\/a><span class=\"fc-icon\"><svg xmlns=\"http:\/\/www.w3.org\/2000\/svg\"  viewBox=\"0 0 320 512\" width=\"16px\" height=\"16px\"><!--! Font Awesome Pro 6.4.2 by @fontawesome - https:\/\/fontawesome.com License - https:\/\/fontawesome.com\/license (Commercial License) Copyright 2023 Fonticons, Inc.--><path d=\"M267.3 244.7c6.2 6.2 6.2 16.4 0 22.6l-160 160c-6.2 6.2-16.4 6.2-22.6 0s-6.2-16.4 0-22.6L233.4 256 84.7 107.3c-6.2-6.2-6.2-16.4 0-22.6s16.4-6.2 22.6 0l160 160z\"\/><\/svg><\/span><span class=\"fildariane__item\">K\u00f6niglicher Turm von Toulon<\/span><\/nav><a class=\"fildariane__item retour\" href=\"https:\/\/acampa-vacances.com\/de\/\"\"><span class=\"fc-icon\"><svg xmlns=\"http:\/\/www.w3.org\/2000\/svg\"  viewBox=\"0 0 448 512\" width=\"16px\" height=\"16px\"><!--! Font Awesome Pro 6.4.2 by @fontawesome - https:\/\/fontawesome.com License - https:\/\/fontawesome.com\/license (Commercial License) Copyright 2023 Fonticons, Inc.--><path d=\"M7.4 273.4C2.7 268.8 0 262.6 0 256s2.7-12.8 7.4-17.4l176-168c9.6-9.2 24.8-8.8 33.9 .8s8.8 24.8-.8 33.9L83.9 232 424 232c13.3 0 24 10.7 24 24s-10.7 24-24 24L83.9 280 216.6 406.6c9.6 9.2 9.9 24.3 .8 33.9s-24.3 9.9-33.9 .8l-176-168z\"\/><\/svg><\/span>Zur\u00fcck zur Startseite<\/a>\n<h1>Der K\u00f6nigliche Turm von Toulon<\/h1><div class=\"columns\" style=\"align-items:center;\"><div class=\"columns__item\" style=\"align-self:center;\"><h2>Historisches Denkmal<\/h2><p>Der 1514 erbaute und 1524 unter der Herrschaft von Franziskus I. fertig gestellte Tour Royale, auch Grosse Tour genannt, wurde am 11. April 1947 unter Denkmalschutz gestellt und diente zur Verteidigung <a href=\"https:\/\/www.lesbateliersdelarade.com\/\" target=\"_blank\" rel=\"noreferrer noopener\">der Reede von Toulon<\/a> und wurde auch als Gef\u00e4ngnis genutzt. Er nahm ruhmreich an der Verteidigung von Toulon im Jahre 1707 teil. W\u00e4hrend des Krieges von 1870-71 wurden hier die Goldbarren der Bank von Frankreich unter strengster Geheimhaltung aufbewahrt. Sie wurde von den Deutschen besetzt, die hier lebten, und w\u00e4re beinahe durch amerikanische Bomben zerst\u00f6rt worden.   <\/p><p id=\"1032\">Um diesen Ort und das au\u00dfergew\u00f6hnliche Panorama aufzuwerten, hat die Stadt <a href=\"https:\/\/acampa-vacances.com\/de\/tourismus\/toulon\/\" data-type=\"tourisme\" data-id=\"1032\">TOULON<\/a> einen Landschaftspark von mehr als 3 ha angelegt, der sich zum Meer hin \u00f6ffnet, mit Kinderspielplatz und kostenlosem Parkplatz, einem spektakul\u00e4ren Blick auf die Rade, den Jachthafen, die Milit\u00e4rschiffe und die Kreuzfahrtschiffe. Es ist der Ausgangspunkt des K\u00fcstenpfades, der Spazierg\u00e4nger zu einem sch\u00f6nen Spaziergang \u00fcber Anse-M\u00e9jean und die Str\u00e4nde von Mourillon f\u00fchrt. <\/p><\/div><div class=\"columns__item\" style=\"align-self:center;\"><figure><picture><source srcset=\"https:\/\/acampa-vacances.com\/wp-content\/uploads\/2024\/12\/tour_royale_toulon_m-420x294.jpg.webp\" media=\"(max-width: 210px)\"><source srcset=\"https:\/\/acampa-vacances.com\/wp-content\/uploads\/2024\/12\/tour_royale_toulon_m.jpg.webp\" media=\"(max-width: 420px)\"><source srcset=\"https:\/\/acampa-vacances.com\/wp-content\/uploads\/2024\/12\/tour_royale_toulon_m.jpg.webp\" media=\"(max-width: 850px)\"><source srcset=\"https:\/\/acampa-vacances.com\/wp-content\/uploads\/2024\/12\/tour_royale_toulon_m.jpg.webp\" media=\"(max-width: 1024px)\"><source srcset=\"https:\/\/acampa-vacances.com\/wp-content\/uploads\/2024\/12\/tour_royale_toulon_m.jpg.webp\" media=\"(min-width: 1025px)\"><img decoding=\"async\" src=\"https:\/\/acampa-vacances.com\/wp-content\/uploads\/2024\/12\/tour_royale_toulon_m-420x294.jpg.webp\" width=\"420\" height=\"210\" loading=\"lazy\" alt=\"\" title=\"\"><\/picture><\/figure><\/div><\/div>","protected":false},"excerpt":{"rendered":"<p>Der K\u00f6nigliche Turm von Toulon Historisches Denkmal Der 1514 erbaute und 1524 unter der Herrschaft von Franziskus I. fertig gestellte Tour Royale, auch Grosse Tour genannt, wurde am 11. April 1947 unter Denkmalschutz gestellt und diente zur Verteidigung der Reede von Toulon und wurde auch als Gef\u00e4ngnis genutzt. Er nahm ruhmreich an der Verteidigung von [&hellip;]<\/p>\n","protected":false},"featured_media":9575,"menu_order":0,"template":"","format":"standard","meta":{"_acf_changed":false,"footnotes":""},"blog":[59],"acf":[],"_links":{"self":[{"href":"https:\/\/acampa-vacances.com\/de\/wp-json\/wp\/v2\/blog\/13327"}],"collection":[{"href":"https:\/\/acampa-vacances.com\/de\/wp-json\/wp\/v2\/blog"}],"about":[{"href":"https:\/\/acampa-vacances.com\/de\/wp-json\/wp\/v2\/types\/blog"}],"version-history":[{"count":1,"href":"https:\/\/acampa-vacances.com\/de\/wp-json\/wp\/v2\/blog\/13327\/revisions"}],"predecessor-version":[{"id":13328,"href":"https:\/\/acampa-vacances.com\/de\/wp-json\/wp\/v2\/blog\/13327\/revisions\/13328"}],"wp:featuredmedia":[{"embeddable":true,"href":"https:\/\/acampa-vacances.com\/de\/wp-json\/wp\/v2\/media\/9575"}],"wp:attachment":[{"href":"https:\/\/acampa-vacances.com\/de\/wp-json\/wp\/v2\/media?parent=13327"}],"wp:term":[{"taxonomy":"blog","embeddable":true,"href":"https:\/\/acampa-vacances.com\/de\/wp-json\/wp\/v2\/blog?post=13327"}],"curies":[{"name":"wp","href":"https:\/\/api.w.org\/{rel}","templated":true}]}}