{"id":13441,"date":"2024-11-25T12:22:24","date_gmt":"2024-11-25T11:22:24","guid":{"rendered":"https:\/\/acampa-vacances.com\/blog\/trois-balades-dans-le-var-qui-changent-de-lordinaire\/"},"modified":"2025-01-29T09:10:49","modified_gmt":"2025-01-29T08:10:49","slug":"drei-spaziergange-im-var-die-sich-vom-gewohnlichen-unterscheiden","status":"publish","type":"blog","link":"https:\/\/acampa-vacances.com\/de\/blog\/drei-spaziergange-im-var-die-sich-vom-gewohnlichen-unterscheiden\/","title":{"rendered":"Drei Spazierg\u00e4nge im Var"},"content":{"rendered":"<nav class=\"fildariane\"><a class=\"fildariane__item\" href=\"https:\/\/acampa-vacances.com\/de\/\">Acampa<\/a><span class=\"fc-icon\"><svg xmlns=\"http:\/\/www.w3.org\/2000\/svg\"  viewBox=\"0 0 320 512\" width=\"16px\" height=\"16px\"><!--! Font Awesome Pro 6.4.2 by @fontawesome - https:\/\/fontawesome.com License - https:\/\/fontawesome.com\/license (Commercial License) Copyright 2023 Fonticons, Inc.--><path d=\"M267.3 244.7c6.2 6.2 6.2 16.4 0 22.6l-160 160c-6.2 6.2-16.4 6.2-22.6 0s-6.2-16.4 0-22.6L233.4 256 84.7 107.3c-6.2-6.2-6.2-16.4 0-22.6s16.4-6.2 22.6 0l160 160z\"\/><\/svg><\/span><span class=\"fildariane__item\">Drei Spazierg\u00e4nge im Var<\/span><\/nav><a class=\"fildariane__item retour\" href=\"https:\/\/acampa-vacances.com\/de\/\"\"><span class=\"fc-icon\"><svg xmlns=\"http:\/\/www.w3.org\/2000\/svg\"  viewBox=\"0 0 448 512\" width=\"16px\" height=\"16px\"><!--! Font Awesome Pro 6.4.2 by @fontawesome - https:\/\/fontawesome.com License - https:\/\/fontawesome.com\/license (Commercial License) Copyright 2023 Fonticons, Inc.--><path d=\"M7.4 273.4C2.7 268.8 0 262.6 0 256s2.7-12.8 7.4-17.4l176-168c9.6-9.2 24.8-8.8 33.9 .8s8.8 24.8-.8 33.9L83.9 232 424 232c13.3 0 24 10.7 24 24s-10.7 24-24 24L83.9 280 216.6 406.6c9.6 9.2 9.9 24.3 .8 33.9s-24.3 9.9-33.9 .8l-176-168z\"\/><\/svg><\/span>Zur\u00fcck zur Startseite<\/a>\n<h1>Drei etwas andere Spazierg\u00e4nge im Var!<\/h1><h2><strong>Zoom auf 3 ungew\u00f6hnliche Spazierg\u00e4nge im Var!<\/strong><\/h2><p id=\"1131\">Jedes Jahr sind viele Urlauber auf der Suche nach Abenteuern und einzigartigen Aktivit\u00e4ten in der Natur. Das trifft sich gut, denn das Var ist eine ideale Region, um das ganze Jahr \u00fcber<strong> zu wandern und ungew\u00f6hnliche Orte zu entdecken<\/strong>: mal Meer, mal Wald, es gibt eine Vielzahl von Landschaften, die es Ihnen erm\u00f6glichen, w\u00e4hrend eines Spaziergangs unter der herrlichen Sonne des Mittelmeers dem Alltag zu entfliehen. F\u00fcr Ihren Urlaub auf der <a href=\"https:\/\/acampa-vacances.com\/de\/tourismus-in-hyeres\/\" data-type=\"page\" data-id=\"1131\">Halbinsel Giens<\/a> stellen wir Ihnen einen kleinen F\u00fchrer vor, damit Sie w\u00e4hrend Ihres n\u00e4chsten Aufenthalts auf unserem <a href=\"https:\/\/acampa-vacances.com\/de\/\" data-type=\"link\" data-id=\"https:\/\/acampa-vacances.com\/de\/\">Campingplatz in Hy\u00e8res<\/a><strong> Spazierg\u00e4nge und ungew\u00f6hnliche Orte im Var <\/strong>entdecken k\u00f6nnen. Auf die Pl\u00e4tze, fertig, los!   <\/p><h3><strong>Unsere Auswahl von drei ungew\u00f6hnlichen Spazierg\u00e4ngen und Aktivit\u00e4ten f\u00fcr Familie und Freunde im Departement Var<\/strong><\/h3><div class=\"columns\" style=\"align-items:center;\"><div class=\"columns__item\" style=\"align-self:center;\"><p><strong>Der Wasserfall von Grand Baou, 15 Minuten von Brignoles und 1 Stunde und 10 Minuten mit dem Auto vom Campingplatz entfernt.<\/strong><\/p><p>Das Var ist eher f\u00fcr seine Str\u00e4nde als f\u00fcr seine Wasserf\u00e4lle und Fl\u00fcsse bekannt, aber es gibt viele<strong> sch\u00f6ne Orte zu entdecken <\/strong>! Entdecken Sie heute den <strong>Wasserfall von Grand Baou <\/strong>, der nur eine Stunde vom Campingplatz entfernt im Dorf Le Val liegt. Ein wundersch\u00f6ner Wasserfall in einem gesch\u00fctzten Naturgebiet, der Ihnen einen Tag mit der Familie oder Freunden auf dem Wanderweg zu diesem wundersch\u00f6nen <strong>Ort<\/strong> beschert. <\/p><p>Von der Ankunftszone der Autos f\u00fchrt ein kleiner Pfad von einigen Dutzend Metern zum Badeplatz. Sie werden durch eine<strong> magische Landschaft<\/strong> wandern: hier eine kleine H\u00f6hle, weiter weg zerkl\u00fcftete Felsen&#8230; Halten Sie w\u00e4hrend Ihrer<strong> Wanderung durch diese Ecke des Var die<\/strong> Augen offen, um die Vielfalt der <strong>Flora und Fauna<\/strong> zu beobachten. Vielleicht sehen Sie typische Vogelarten der Region und einzigartige Pflanzen und Wildblumen. Bitte beachten Sie, dass Sie gel\u00e4ndeg\u00e4ngiges Schuhwerk ben\u00f6tigen, da die Wasserdurchquerungen vielf\u00e4ltig sind und je nach Jahreszeit und Zeitpunkt variieren.   <\/p><p>Wenn Sie die Wasserfont\u00e4nen erreichen, k\u00f6nnen Sie <strong>das t\u00fcrkisfarbene Wasser<\/strong> bewundern, das zum Schwimmen einl\u00e4dt. Im Sommer kann die Temperatur auf bis zu 18\u00b0C ansteigen, so dass Sie sich nach der Anstrengung erfrischen k\u00f6nnen. Kleinere Becken folgen aufeinander mit mehreren Kaskaden, die Kinder werden es lieben! Der <strong>Wasserfall von Grand Baou <\/strong>ist ein Muss f\u00fcr Naturliebhaber. Mit seinem kristallklaren Wasser, das in ein nat\u00fcrliches Becken flie\u00dft, ist er der perfekte Ort, um sich an hei\u00dfen Sommertagen abzuk\u00fchlen. Der Bereich um den Wasserfall ist perfekt f\u00fcr ein <strong>Picknick<\/strong>, also denken Sie daran, etwas zum Knabbern mitzunehmen!  <\/p><\/div><div class=\"columns__item\" style=\"align-self:center;\"><figure style=\"position:relative;\"><picture><source srcset=\"https:\/\/acampa-vacances.com\/wp-content\/uploads\/2024\/12\/leval_cascadegrandbaou_p1_grd-420x317.jpeg.webp\" media=\"(max-width: 210px)\"><source srcset=\"https:\/\/acampa-vacances.com\/wp-content\/uploads\/2024\/12\/leval_cascadegrandbaou_p1_grd.jpeg.webp\" media=\"(max-width: 420px)\"><source srcset=\"https:\/\/acampa-vacances.com\/wp-content\/uploads\/2024\/12\/leval_cascadegrandbaou_p1_grd.jpeg.webp\" media=\"(max-width: 850px)\"><source srcset=\"https:\/\/acampa-vacances.com\/wp-content\/uploads\/2024\/12\/leval_cascadegrandbaou_p1_grd.jpeg.webp\" media=\"(max-width: 1024px)\"><source srcset=\"https:\/\/acampa-vacances.com\/wp-content\/uploads\/2024\/12\/leval_cascadegrandbaou_p1_grd.jpeg.webp\" media=\"(min-width: 1025px)\"><img decoding=\"async\" src=\"https:\/\/acampa-vacances.com\/wp-content\/uploads\/2024\/12\/leval_cascadegrandbaou_p1_grd-420x317.jpeg.webp\" width=\"420\" height=\"210\" loading=\"lazy\" alt=\"\" title=\"\"><\/picture><figcaption>Bildnachweis: la-provence-verte.net<\/figcaption><\/figure><\/div><\/div><p>Wie kommen Sie dorthin?<\/p><ul><li>N\u00f6rdlich von Brignoles und dem Val in Richtung Carc\u00e8s.\n<\/li><li>An der Abzweigung zwischen Carc\u00e8s und Correns in Richtung Carc\u00e8s.\n<\/li><li>Nur wenige Meter nach der Abzweigung biegen Sie links ab.\n<\/li><li>Fahren Sie etwa 100 Meter, um zu parken.\n<\/li><li>Am Fluss Ribeirotte.\n<\/li><\/ul><div class=\"columns\" style=\"align-items:center;\"><div class=\"columns__item\" style=\"align-self:center;\"><figure style=\"position:relative;\"><picture><source srcset=\"https:\/\/acampa-vacances.com\/wp-content\/uploads\/2024\/12\/csstevic-768x576-1-420x420.jpeg.webp\" media=\"(max-width: 210px)\"><source srcset=\"https:\/\/acampa-vacances.com\/wp-content\/uploads\/2024\/12\/csstevic-768x576-1.jpeg.webp\" media=\"(max-width: 420px)\"><source srcset=\"https:\/\/acampa-vacances.com\/wp-content\/uploads\/2024\/12\/csstevic-768x576-1.jpeg.webp\" media=\"(max-width: 850px)\"><source srcset=\"https:\/\/acampa-vacances.com\/wp-content\/uploads\/2024\/12\/csstevic-768x576-1.jpeg.webp\" media=\"(max-width: 1024px)\"><source srcset=\"https:\/\/acampa-vacances.com\/wp-content\/uploads\/2024\/12\/csstevic-768x576-1.jpeg.webp\" media=\"(min-width: 1025px)\"><img decoding=\"async\" src=\"https:\/\/acampa-vacances.com\/wp-content\/uploads\/2024\/12\/csstevic-768x576-1-420x420.jpeg.webp\" width=\"420\" height=\"210\" loading=\"lazy\" alt=\"\" title=\"\"><\/picture><figcaption>Bildnachweis: provencanes83.com<\/figcaption><\/figure><\/div><div class=\"columns__item\" style=\"align-self:center;\"><p><strong>Provenc&#8217;\u00e2nes, die Wanderung, die Gro\u00df und Klein begeistern wird!<\/strong><\/p><p>Sind Ihre Kinder gerne mit Tieren zusammen? Diese <strong>Wanderung im Var<\/strong>, mitten in der Provence, begleitet von Eseln, wird sie begeistern! <strong>Provenc&#8217;\u00e2nes<\/strong>, in Rians gelegen, bietet Wanderungen in den <strong>wundersch\u00f6nen Bergen der Provence<\/strong> in Begleitung von Eseln an, die Ihre Wanderung zu einem einzigartigen Erlebnis machen werden! W\u00e4hlen Sie Ihre <strong>Lieblingswanderung im Herzen des Var<\/strong> zwischen der Tour de la montagne d&#8217;Artigues und dem Mont Major. Sie tr\u00e4umen von einer <strong>gro\u00dfen Wanderung auf dem R\u00fccken eines Esels<\/strong>? Dann buchen Sie eine mehrt\u00e4gige Wanderung (Wanderungen zwischen 3 und 8 Tagen) auf den Gipfel des Sainte Victoire, um den See von Esparron de Verdon oder zum See von Sainte Croix.    <\/p><p>Bernadette, die seit 30 Jahren eine Leidenschaft f\u00fcr<strong> die Eselzucht<\/strong> hat, empf\u00e4ngt Sie im Herzen eines provenzalischen H\u00fcgels, auf einem einst verlassenen Naturgrundst\u00fcck im Dorf Rians. Sie beschloss, dieses Gebiet f\u00fcr die Zucht von Eseln einzurichten, die in einer Herde in einer nat\u00fcrlichen und gesch\u00fctzten Umgebung leben. In ihrem Element helfen sie dabei, den Wald zu pflegen und Br\u00e4nde zu verhindern. Eines ist sicher, diese Wanderung wird <strong>Gro\u00df und Klein<\/strong> begeistern! Bernadette bietet von September bis Juni Familienwanderungen sowie ein- oder mehrt\u00e4gige Wanderungen in Begleitung eines Esels an.   <\/p><\/div><\/div><div class=\"columns\" style=\"align-items:center;\"><div class=\"columns__item\" style=\"align-self:center;\"><p><strong>V\u00e9lorail de la Sainte-Baume in Pourcieux: ein ungew\u00f6hnlicher Ausflug f\u00fcr die ganze Familie!<\/strong><\/p><p>Dies ist der dritte<strong> ungew\u00f6hnliche Ausflug im Departement Var in<\/strong> unserer Auswahl! Das Konzept ist originell: Sie fahren mit einem <strong>Tretzug<\/strong> auf einer alten Eisenbahnstrecke, ja, Sie haben richtig gelesen! In Tretwaggons mit 2 bis 5 Pl\u00e4tzen begeben Sie sich auf eine zweist\u00fcndige,<strong> ungew\u00f6hnliche Wanderung <\/strong>inmitten der Natur. Dank der elektrischen Unterst\u00fctzung ist diese Wanderung f\u00fcr Gro\u00df und Klein geeignet! Auf dieser ehemaligen Eisenbahnstrecke radeln Sie in Ihrem eigenen Rhythmus und bewundern dabei die Weinberge, W\u00e4lder und Berge der Umgebung. Eine<strong> spielerische und umweltfreundliche<\/strong> Art, die herrlichen Landschaften des Var zu entdecken! Verpassen Sie unterwegs nicht den atemberaubenden Blick auf das Massif de la Sainte-Baume und die Weing\u00fcter der Region.      <\/p><p>Nach den Erkl\u00e4rungen und Sicherheitsanweisungen f\u00fcr Ihre Fahrt am Bahnhof von Pourcieux steigen Sie in Ihre V\u00e9lorail und <strong>fahren 2 Stunden lang <\/strong>\u00fcber Land auf einer alten Eisenbahnstrecke zwischen Pourcieux und Saint-Maximin, die an der Grenze zwischen den Departements Var und Bouches-du-Rh\u00f4ne liegt. Entlang des einzigartigen Weges von 15 km hin und zur\u00fcck passieren Sie<strong> ungew\u00f6hnliche Orte<\/strong>: einen 180 m langen Tunnel (keine v\u00f6llige Dunkelheit), Br\u00fccken und 2 beeindruckende Viadukte in 20 m H\u00f6he (keine H\u00f6henangst), die einen Panoramablick \u00fcber das Tal und das Dorf Saint-Maximin bieten. <\/p><\/div><div class=\"columns__item\" style=\"align-self:center;\"><figure><picture><source srcset=\"https:\/\/acampa-vacances.com\/wp-content\/uploads\/2024\/12\/photo360_7-768x432-1-420x420.jpeg.webp\" media=\"(max-width: 210px)\"><source srcset=\"https:\/\/acampa-vacances.com\/wp-content\/uploads\/2024\/12\/photo360_7-768x432-1.jpeg.webp\" media=\"(max-width: 420px)\"><source srcset=\"https:\/\/acampa-vacances.com\/wp-content\/uploads\/2024\/12\/photo360_7-768x432-1.jpeg.webp\" media=\"(max-width: 850px)\"><source srcset=\"https:\/\/acampa-vacances.com\/wp-content\/uploads\/2024\/12\/photo360_7-768x432-1.jpeg.webp\" media=\"(max-width: 1024px)\"><source srcset=\"https:\/\/acampa-vacances.com\/wp-content\/uploads\/2024\/12\/photo360_7-768x432-1.jpeg.webp\" media=\"(min-width: 1025px)\"><img decoding=\"async\" src=\"https:\/\/acampa-vacances.com\/wp-content\/uploads\/2024\/12\/photo360_7-768x432-1-420x420.jpeg.webp\" width=\"420\" height=\"210\" style=\"object-fit:cover;\" loading=\"lazy\" alt=\"\" title=\"\"><\/picture><\/figure><\/div><\/div><h2><strong>  Buchen Sie Ihren Aufenthalt auf einem unserer Partner-Campingpl\u00e4tze in Giens  <\/strong><\/h2><p>Wenn Sie von einer dieser 3 <strong>Wanderungen im Var <\/strong> begeistert sind, dann sollten Sie keine Sekunde mehr verlieren, um einen Ausflug ins Var zu unternehmen und diese <strong>herrlichen Wanderwege <\/strong> zu erkunden! Nutzen Sie Ihren Aufenthalt auf einem unserer Campingpl\u00e4tze auf der Presqu&#8217;\u00cele de Giens, um die sch\u00f6nsten <strong>und ungew\u00f6hnlichsten Wanderungen der Region<\/strong> zu entdecken. Entdecken Sie unsere drei Partner-Campingpl\u00e4tze und ihre Unterk\u00fcnfte, von untypisch bis modern, auf der Halbinsel Giens in der N\u00e4he der sch\u00f6nsten Orte dieser Ecke Frankreichs (die Verdon-Schlucht, das Maurenmassiv, Cap B\u00e9nat, das Esterel-Massiv, der regionale Naturpark der Camargue, der H\u00fcgel von Sainte-Anne&#8230;). Entdecken Sie<strong> den Campingplatz Clair de Lune <\/strong>und seine Appartements, ungew\u00f6hnlichen Unterk\u00fcnfte, Unterk\u00fcnfte mit Spa und Mobilheime, f\u00fcr einen Urlaub unter dem Motto &#8222;Ruhe und Gelassenheit&#8220;.   <\/p>","protected":false},"excerpt":{"rendered":"<p>Drei etwas andere Spazierg\u00e4nge im Var! Zoom auf 3 ungew\u00f6hnliche Spazierg\u00e4nge im Var! Jedes Jahr sind viele Urlauber auf der Suche nach Abenteuern und einzigartigen Aktivit\u00e4ten in der Natur. Das trifft sich gut, denn das Var ist eine ideale Region, um das ganze Jahr \u00fcber zu wandern und ungew\u00f6hnliche Orte zu entdecken: mal Meer, mal [&hellip;]<\/p>\n","protected":false},"featured_media":9533,"menu_order":0,"template":"","format":"standard","meta":{"_acf_changed":false,"footnotes":""},"blog":[57],"acf":[],"_links":{"self":[{"href":"https:\/\/acampa-vacances.com\/de\/wp-json\/wp\/v2\/blog\/13441"}],"collection":[{"href":"https:\/\/acampa-vacances.com\/de\/wp-json\/wp\/v2\/blog"}],"about":[{"href":"https:\/\/acampa-vacances.com\/de\/wp-json\/wp\/v2\/types\/blog"}],"version-history":[{"count":1,"href":"https:\/\/acampa-vacances.com\/de\/wp-json\/wp\/v2\/blog\/13441\/revisions"}],"predecessor-version":[{"id":13442,"href":"https:\/\/acampa-vacances.com\/de\/wp-json\/wp\/v2\/blog\/13441\/revisions\/13442"}],"wp:featuredmedia":[{"embeddable":true,"href":"https:\/\/acampa-vacances.com\/de\/wp-json\/wp\/v2\/media\/9533"}],"wp:attachment":[{"href":"https:\/\/acampa-vacances.com\/de\/wp-json\/wp\/v2\/media?parent=13441"}],"wp:term":[{"taxonomy":"blog","embeddable":true,"href":"https:\/\/acampa-vacances.com\/de\/wp-json\/wp\/v2\/blog?post=13441"}],"curies":[{"name":"wp","href":"https:\/\/api.w.org\/{rel}","templated":true}]}}