{"id":13477,"date":"2024-11-25T12:22:24","date_gmt":"2024-11-25T11:22:24","guid":{"rendered":"https:\/\/acampa-vacances.com\/blog\/la-lavande-de-provence\/"},"modified":"2025-01-29T09:10:54","modified_gmt":"2025-01-29T08:10:54","slug":"lavendel-der-provence","status":"publish","type":"blog","link":"https:\/\/acampa-vacances.com\/de\/blog\/lavendel-der-provence\/","title":{"rendered":"Lavendel aus der Provence"},"content":{"rendered":"<nav class=\"fildariane\"><a class=\"fildariane__item\" href=\"https:\/\/acampa-vacances.com\/de\/\">Acampa<\/a><span class=\"fc-icon\"><svg xmlns=\"http:\/\/www.w3.org\/2000\/svg\"  viewBox=\"0 0 320 512\" width=\"16px\" height=\"16px\"><!--! Font Awesome Pro 6.4.2 by @fontawesome - https:\/\/fontawesome.com License - https:\/\/fontawesome.com\/license (Commercial License) Copyright 2023 Fonticons, Inc.--><path d=\"M267.3 244.7c6.2 6.2 6.2 16.4 0 22.6l-160 160c-6.2 6.2-16.4 6.2-22.6 0s-6.2-16.4 0-22.6L233.4 256 84.7 107.3c-6.2-6.2-6.2-16.4 0-22.6s16.4-6.2 22.6 0l160 160z\"\/><\/svg><\/span><span class=\"fildariane__item\">Lavendel aus der Provence<\/span><\/nav><a class=\"fildariane__item retour\" href=\"https:\/\/acampa-vacances.com\/de\/\"\"><span class=\"fc-icon\"><svg xmlns=\"http:\/\/www.w3.org\/2000\/svg\"  viewBox=\"0 0 448 512\" width=\"16px\" height=\"16px\"><!--! Font Awesome Pro 6.4.2 by @fontawesome - https:\/\/fontawesome.com License - https:\/\/fontawesome.com\/license (Commercial License) Copyright 2023 Fonticons, Inc.--><path d=\"M7.4 273.4C2.7 268.8 0 262.6 0 256s2.7-12.8 7.4-17.4l176-168c9.6-9.2 24.8-8.8 33.9 .8s8.8 24.8-.8 33.9L83.9 232 424 232c13.3 0 24 10.7 24 24s-10.7 24-24 24L83.9 280 216.6 406.6c9.6 9.2 9.9 24.3 .8 33.9s-24.3 9.9-33.9 .8l-176-168z\"\/><\/svg><\/span>Zur\u00fcck zur Startseite<\/a>\n<h1>Lavendel aus der Provence<\/h1><div class=\"columns\"><div class=\"columns__item\"><figure style=\"position:relative;\"><picture><source srcset=\"https:\/\/acampa-vacances.com\/wp-content\/uploads\/2024\/12\/champ_de_lavande.jpg.webp\" media=\"(max-width: 210px)\"><source srcset=\"https:\/\/acampa-vacances.com\/wp-content\/uploads\/2024\/12\/champ_de_lavande.jpg.webp\" media=\"(max-width: 420px)\"><source srcset=\"https:\/\/acampa-vacances.com\/wp-content\/uploads\/2024\/12\/champ_de_lavande.jpg.webp\" media=\"(max-width: 850px)\"><source srcset=\"https:\/\/acampa-vacances.com\/wp-content\/uploads\/2024\/12\/champ_de_lavande.jpg.webp\" media=\"(max-width: 1024px)\"><source srcset=\"https:\/\/acampa-vacances.com\/wp-content\/uploads\/2024\/12\/champ_de_lavande.jpg.webp\" media=\"(min-width: 1025px)\"><img decoding=\"async\" src=\"https:\/\/acampa-vacances.com\/wp-content\/uploads\/2024\/12\/champ_de_lavande.jpg.webp\" width=\"420\" height=\"210\" loading=\"lazy\" alt=\"\" title=\"\"><\/picture><figcaption>Bildnachweis: Hy\u00e8res-tourisme<\/figcaption><\/figure><\/div><div class=\"columns__item\" style=\"align-self:center;\"><p>Wenn Sie auf Ihrem Weg ein weites Feld mit lilafarbenen Feldern sehen, befinden Sie sich im <strong>Land des Lavendels<\/strong>, d.h. in der <strong>Provence<\/strong>. Der Anbau und die Destillation von Lavendel und Lavandin sind ein fester Bestandteil der Landschaft der Haute-Provence.<br\/>Um sch\u00f6ne Erinnerungsfotos zu machen, besuchen Sie am besten die Bl\u00fctezeit, die je nach Ort zwischen Mitte Juni und Ende August liegt. Ein Aufenthalt in der Provence verspricht ein unvergessliches Erlebnis zu werden, da man sich dann durch die fabelhaften Landschaften und die D\u00fcfte, die die Identit\u00e4t der Region ausmachen, treiben lassen kann.<br\/>In der Tat sollte man die Zeit vor der Ernte nutzen! <strong>Der Lavendel<\/strong> wird in der zweiten Julih\u00e4lfte gepfl\u00fcckt, vor allem auf dem Plateau de Valensole und Ende August in der Region Forcalquier.  <\/p><\/div><\/div><h2>Lavendel oder Lavandin, wo liegt der Unterschied?<\/h2><p>K\u00f6nnen Sie in der Provence <strong>Lavendel<\/strong> von <strong>Lavandin<\/strong> unterscheiden?<br\/>Lavandula angustifolia ist <strong>der<\/strong> echte und feinere <strong>Lavendel<\/strong>. Er ist der edelste von allen, da er ein hochwertiges \u00e4therisches \u00d6l enth\u00e4lt. Er zeichnet sich durch seinen langen Zweig mit nur einer Bl\u00fcten\u00e4hre aus, der wie ein Busch aussieht und bis zu 1 m hoch werden kann. Sie ist praktisch an den H\u00e4ngen der provenzalischen Berge in einer H\u00f6he zwischen 500 und 1500 m verbreitet.<br\/>Lavandin ist ein Hybrid zwischen <strong>echtem La<\/strong> vendel und <strong>Aspiklavendel<\/strong>. Er w\u00e4chst schnell in einer nat\u00fcrlichen Umgebung, kann aber auch kultiviert werden. Mit seinem dreiz\u00e4hligen Bl\u00fctenzweig ist er im Vergleich zum <strong>echten Lavendel<\/strong> viel gr\u00f6\u00dfer. Er hat einen viermal h\u00f6heren Ertrag als der Lavendel.      <\/p><div class=\"columns\"><div class=\"columns__item\" style=\"align-self:center;\"><h2>Viele M\u00f6glichkeiten der Verwendung von Lavendel<\/h2><p><strong>Lavendel<\/strong> hat den Vorteil, dass er vielseitig einsetzbar ist. Er wird in der Parf\u00fcmerie und in Alltagsprodukten wie Seife und Reinigungsmitteln verwendet. Auch in der Aromatherapie wirkt er aufgrund seiner weitreichenden Eigenschaften Wunder. Es hilft bei Schlaflosigkeit, Kopfschmerzen, Wunden, Sonnenbrand, Insektenstichen, Halsschmerzen, Muskelkater usw.<br\/>Wenn Sie sich erst einmal mit seinen verschiedenen Vorteilen vertraut gemacht haben, werden Sie nicht z\u00f6gern, es im Alltag zu verwenden und in Ihre Handtasche zu stecken.   <\/p><\/div><div class=\"columns__item\"><figure style=\"position:relative;\"><picture><source srcset=\"https:\/\/acampa-vacances.com\/wp-content\/uploads\/2024\/12\/lavande4_s.jpg.webp\" media=\"(max-width: 210px)\"><source srcset=\"https:\/\/acampa-vacances.com\/wp-content\/uploads\/2024\/12\/lavande4_s.jpg.webp\" media=\"(max-width: 420px)\"><source srcset=\"https:\/\/acampa-vacances.com\/wp-content\/uploads\/2024\/12\/lavande4_s.jpg.webp\" media=\"(max-width: 850px)\"><source srcset=\"https:\/\/acampa-vacances.com\/wp-content\/uploads\/2024\/12\/lavande4_s.jpg.webp\" media=\"(max-width: 1024px)\"><source srcset=\"https:\/\/acampa-vacances.com\/wp-content\/uploads\/2024\/12\/lavande4_s.jpg.webp\" media=\"(min-width: 1025px)\"><img decoding=\"async\" src=\"https:\/\/acampa-vacances.com\/wp-content\/uploads\/2024\/12\/lavande4_s.jpg.webp\" width=\"420\" height=\"210\" loading=\"lazy\" alt=\"\" title=\"\"><\/picture><figcaption>Bildnachweis: Hy\u00e8res-tourisme<\/figcaption><\/figure><\/div><\/div><h2>Sommerfeste rund um den Lavendel<\/h2><p>W\u00e4hrend der Erntezeit zwischen Juli und August werden in verschiedenen Gemeinden des Departements verschiedene Feste gefeiert. Destillieren, Besichtigungen von Destillerien und Lavendelfeldern, Produkte sind nur einige der Dinge, die Sie vor Ort tun k\u00f6nnen. Die Produzenten und Destillateure werden Sie in die Geheimnisse der Destillation einweihen.  <\/p><ul><li>Valensolex: Fahrradtour durch Lavendel und Mandelb\u00e4ume im Juni,\n<\/li><li>Lavendelfest in Valensole im Juli,\n<\/li><li>Lavendelkorso in Digne-les-Bains am ersten Wochenende im August,\n<\/li><li>Lavendelfest in Saint-Geniez im August,\n<\/li><li>Lavendelmesse in Digne-les-Bains Ende August,\n<\/li><li>Provenzalische Tage in Saint-Andr\u00e9-les-Alpes ab September,\n<\/li><\/ul><h2>Entdecken Sie die Lavendelstra\u00dfen<\/h2><p>Um die verschiedenen Vorteile dieser Blume optimal zu nutzen, sollten Sie sich auf eine Lavendelroute begeben. <a href=\"https:\/\/routes-lavande.com\/\" target=\"_blank\" rel=\"noreferrer noopener\"><strong>die Lavendelrouten<\/strong><\/a> ?<br\/>Mit dem Auto, dem Wohnmobil, zu Fu\u00df, mit dem Motorrad oder mit dem Fahrrad, genauer gesagt mit Fahrr\u00e4dern mit Elektrounterst\u00fctzung, bieten die Lavendelstra\u00dfen verschiedene Routen, um durch die vielf\u00e4ltigen Landschaften zu fahren und die Erzeuger zu treffen.<br\/><strong>Die Lavendelstra\u00dfen<\/strong> erstrecken sich von der Dr\u00f4me bis zu den Alpes-Maritimes und verlaufen durch die Hautes-Alpes, Vaucluse und Alpes de Haute-Provence. Diese lange Strecke wird Ihnen die Geschichte, die Erinnerung, das Know-how und die Wirtschaft dieser f\u00fcr die Provence charakteristischen Pflanze erz\u00e4hlen, die seit Jahrhunderten weltber\u00fchmt ist.<br\/>Wenn Sie sich \u00fcber Sommerfeste, Destillationsorte, Werkstattbesuche usw. informieren m\u00f6chten, besuchen Sie die Website der Lavendelrouten. <\/p>","protected":false},"excerpt":{"rendered":"<p>Lavendel aus der Provence Wenn Sie auf Ihrem Weg ein weites Feld mit lilafarbenen Feldern sehen, befinden Sie sich im Land des Lavendels, d.h. in der Provence. Der Anbau und die Destillation von Lavendel und Lavandin sind ein fester Bestandteil der Landschaft der Haute-Provence.Um sch\u00f6ne Erinnerungsfotos zu machen, besuchen Sie am besten die Bl\u00fctezeit, die [&hellip;]<\/p>\n","protected":false},"featured_media":9134,"menu_order":0,"template":"","format":"standard","meta":{"_acf_changed":false,"footnotes":""},"blog":[58],"acf":[],"_links":{"self":[{"href":"https:\/\/acampa-vacances.com\/de\/wp-json\/wp\/v2\/blog\/13477"}],"collection":[{"href":"https:\/\/acampa-vacances.com\/de\/wp-json\/wp\/v2\/blog"}],"about":[{"href":"https:\/\/acampa-vacances.com\/de\/wp-json\/wp\/v2\/types\/blog"}],"version-history":[{"count":1,"href":"https:\/\/acampa-vacances.com\/de\/wp-json\/wp\/v2\/blog\/13477\/revisions"}],"predecessor-version":[{"id":13478,"href":"https:\/\/acampa-vacances.com\/de\/wp-json\/wp\/v2\/blog\/13477\/revisions\/13478"}],"wp:featuredmedia":[{"embeddable":true,"href":"https:\/\/acampa-vacances.com\/de\/wp-json\/wp\/v2\/media\/9134"}],"wp:attachment":[{"href":"https:\/\/acampa-vacances.com\/de\/wp-json\/wp\/v2\/media?parent=13477"}],"wp:term":[{"taxonomy":"blog","embeddable":true,"href":"https:\/\/acampa-vacances.com\/de\/wp-json\/wp\/v2\/blog?post=13477"}],"curies":[{"name":"wp","href":"https:\/\/api.w.org\/{rel}","templated":true}]}}