{"id":13495,"date":"2024-11-25T12:22:24","date_gmt":"2024-11-25T11:22:24","guid":{"rendered":"https:\/\/acampa-vacances.com\/blog\/correns-et-le-vallon-sourn\/"},"modified":"2025-01-29T09:10:55","modified_gmt":"2025-01-29T08:10:55","slug":"correns-et-le-vallon-sourn","status":"publish","type":"blog","link":"https:\/\/acampa-vacances.com\/de\/blog\/correns-et-le-vallon-sourn\/","title":{"rendered":"Correns und das Sourn-Tal"},"content":{"rendered":"<nav class=\"fildariane\"><a class=\"fildariane__item\" href=\"https:\/\/acampa-vacances.com\/de\/\">Acampa<\/a><span class=\"fc-icon\"><svg xmlns=\"http:\/\/www.w3.org\/2000\/svg\"  viewBox=\"0 0 320 512\" width=\"16px\" height=\"16px\"><!--! Font Awesome Pro 6.4.2 by @fontawesome - https:\/\/fontawesome.com License - https:\/\/fontawesome.com\/license (Commercial License) Copyright 2023 Fonticons, Inc.--><path d=\"M267.3 244.7c6.2 6.2 6.2 16.4 0 22.6l-160 160c-6.2 6.2-16.4 6.2-22.6 0s-6.2-16.4 0-22.6L233.4 256 84.7 107.3c-6.2-6.2-6.2-16.4 0-22.6s16.4-6.2 22.6 0l160 160z\"\/><\/svg><\/span><span class=\"fildariane__item\">Correns und das Sourn-Tal<\/span><\/nav><a class=\"fildariane__item retour\" href=\"https:\/\/acampa-vacances.com\/de\/\"\"><span class=\"fc-icon\"><svg xmlns=\"http:\/\/www.w3.org\/2000\/svg\"  viewBox=\"0 0 448 512\" width=\"16px\" height=\"16px\"><!--! Font Awesome Pro 6.4.2 by @fontawesome - https:\/\/fontawesome.com License - https:\/\/fontawesome.com\/license (Commercial License) Copyright 2023 Fonticons, Inc.--><path d=\"M7.4 273.4C2.7 268.8 0 262.6 0 256s2.7-12.8 7.4-17.4l176-168c9.6-9.2 24.8-8.8 33.9 .8s8.8 24.8-.8 33.9L83.9 232 424 232c13.3 0 24 10.7 24 24s-10.7 24-24 24L83.9 280 216.6 406.6c9.6 9.2 9.9 24.3 .8 33.9s-24.3 9.9-33.9 .8l-176-168z\"\/><\/svg><\/span>Zur\u00fcck zur Startseite<\/a>\n<h1>Correns und das Sourn-Tal<\/h1><div class=\"columns\"><div class=\"columns__item\"><h2>Correns, das erste Bio-Dorf in Frankreich<\/h2><p id=\"https:\/\/acampa-vacances.com\/clairdelune\/accueil\/\"><strong>Das Dorf Correns<\/strong> in der Region Var ist nur eine Autostunde vom <a href=\"https:\/\/acampa-vacances.com\/de\/clairdelune\/willkommen\/\" data-type=\"link\" data-id=\"https:\/\/acampa-vacances.com\/clairdelune\/accueil\/\">Campingplatz Clair de Lune<\/a> entfernt. Mit seinem provenzalischen Charme liegt es am rechten Ufer des Flusses Argens am Rande der Schlucht von Bagar\u00e8des. Die Umstellung erfolgte 1997, als ein Weinbauer und Agraringenieur im Rathaus von Correns an der Macht war.    <\/p><p>Seitdem hat sich die lokale Wirtschaft im Einklang mit der Umwelt entwickelt und folgt biologischen Zucht- und Anbaumethoden.<br\/>In diesem Bio-Dorf lebt die Bev\u00f6lkerung von der H\u00fchner- und Ziegenzucht sowie vom Weinbau und der Bienenzucht. Die Qualit\u00e4tsproduktion hat sich in der gesamten Region Var und sogar \u00fcber die Provence hinaus einen guten Ruf erworben. Der ber\u00fchmte Wei\u00dfwein aus dem Gebiet C\u00f4tes-de-Provence ist nur ein Beispiel. Sie haben die Gelegenheit, diesen Wein exklusiv im Weinkeller der Provence zu entdecken.   <\/p><p><br\/>Dank der Annahme eines \u00f6kologischen und umweltfreundlichen Ansatzes bietet die Agrarwirtschaft des Dorfes die Verteilung von Lebensmitteln aus biologischer und lokaler Landwirtschaft an die Schulkantinen. Eine Produktionspolitik, die auf die Optimierung von erneuerbaren Energien setzt. Um die regionalen Produkte zu genie\u00dfen, findet jedes Jahr im August im <strong>Dorf Correns<\/strong> eine gro\u00dfe Bio-Messe mit 100 bis 150 Ausstellern statt. An diesen beiden Tagen finden Vortr\u00e4ge, Filme, Zeugnisse und Treffen statt.   <\/p><p id=\"https:\/\/www.visitvar.fr\/fiche\/fort-gibron-4834890\"><br\/><strong>Correns<\/strong> \u00f6ffnet sich zum Fluss Argens hin, ein idealer Ort zum Schwimmen mit nat\u00fcrlichen Str\u00e4nden entlang des Flusses, der durch den Bogen der Steinbr\u00fccke \u00fcberquert wird. Um zum <a href=\"https:\/\/www.visitvar.fr\/fiche\/fort-gibron-4834890\" data-type=\"link\" data-id=\"https:\/\/www.visitvar.fr\/fiche\/fort-gibron-4834890\" rel=\"noopener\">Fort Gibron<\/a> zu gelangen, einer Abteiresidenz aus dem 12. Jahrhundert, deren romanisch-provenzalische Architektur des Glockenturms die Landschaft dominiert, m\u00fcssen Sie durch kleine Gassen und Gassen gehen. Sie k\u00f6nnen den Ort auf einer Wanderung besuchen, indem Sie den nummerierten Schildern folgen. Der Rundgang f\u00fchrt Sie zum mittelalterlichen Fallgittertor Saint-Germain, zu malerischen Vierteln und zur Barockkirche aus dem 18. Jahrhundert. Das Altarbild wird Sie begeistern.    <\/p><\/div><div class=\"columns__item\" style=\"align-self:center;\"><figure><picture><source srcset=\"https:\/\/acampa-vacances.com\/wp-content\/uploads\/2024\/11\/correns_b_m-1-420x201.jpg.webp\" media=\"(max-width: 210px)\"><source srcset=\"https:\/\/acampa-vacances.com\/wp-content\/uploads\/2024\/11\/correns_b_m-1.jpg.webp\" media=\"(max-width: 420px)\"><source srcset=\"https:\/\/acampa-vacances.com\/wp-content\/uploads\/2024\/11\/correns_b_m-1.jpg.webp\" media=\"(max-width: 850px)\"><source srcset=\"https:\/\/acampa-vacances.com\/wp-content\/uploads\/2024\/11\/correns_b_m-1.jpg.webp\" media=\"(max-width: 1024px)\"><source srcset=\"https:\/\/acampa-vacances.com\/wp-content\/uploads\/2024\/11\/correns_b_m-1.jpg.webp\" media=\"(min-width: 1025px)\"><img decoding=\"async\" src=\"https:\/\/acampa-vacances.com\/wp-content\/uploads\/2024\/11\/correns_b_m-1-420x201.jpg.webp\" width=\"420\" height=\"210\" loading=\"lazy\" alt=\"\" title=\"\"><\/picture><\/figure><\/div><\/div><h2>Vallon Sourn oder &#8222;das dunkle Provenzalisch&#8220;.<\/h2><p id=\"https:\/\/www.la-provence-verte.net\/top10\/incontournable-le-vallon-sourn-un-lieu-enchanteur-entre-correns-et-chateauvert_147.html\">Im Hinterland des Var, <a href=\"https:\/\/www.la-provence-verte.net\/top10\/incontournable-le-vallon-sourn-un-lieu-enchanteur-entre-correns-et-chateauvert_147.html\" data-type=\"link\" data-id=\"https:\/\/www.la-provence-verte.net\/top10\/incontournable-le-vallon-sourn-un-lieu-enchanteur-entre-correns-et-chateauvert_147.html\" rel=\"noopener\"><strong>das Vallon Sourn.<\/strong> <\/a>ist eines der Juwelen des Var zwischen dem Dorf Correns und Ch\u00e2teauvert. Eine Oase der Ruhe in einer gr\u00fcnen Umgebung, die sich \u00fcber 4 km um den Fluss Argens erstreckt. Ideal f\u00fcr Bootsfahrten in einem Kanu, zum Faulenzen an den herrlichen Str\u00e4nden, zum Baden f\u00fcr Familienspa\u00df und zum Angeln an den Ufern. Dieses Naturgebiet beherbergt eine gro\u00dfe Artenvielfalt. Er ist auch der Ort, an dem sich wilde Bachforellen fortpflanzen. Um diese au\u00dfergew\u00f6hnliche Umgebung zu sch\u00fctzen, ist der Zugang vom Ufer aus beschr\u00e4nkt. Kletterer k\u00f6nnen sich an den steilen Klippen entlang <strong>des Vallon Sourn<\/strong> versuchen.      <\/p><p><br\/>Wenn Sie Aktivit\u00e4ten im Freien bevorzugen, sind Klettern, Kajakfahren, Wandern und Mountainbike-Touren zu empfehlen. Auf diese Weise k\u00f6nnen Sie die Umgebung von <strong>Correns<\/strong> auf spielerische Weise erkunden. In der N\u00e4he des Ortes gibt es einen schattigen Parkplatz mit einem Schilfdach, wo Sie Ihr Auto f\u00fcr Familienausfl\u00fcge parken k\u00f6nnen. Folgen Sie einfach dem markierten Weg, der Sie zu den Klettergebieten und den K\u00fcstenstr\u00e4nden f\u00fchrt. Wenn Sie den Pfeilen folgen, f\u00fchrt der Weg zum Ziel entlang des Flusses und wird von den D\u00fcften der Provence gepr\u00e4gt.      <\/p><p>Danach f\u00fchrt Sie eine Blumenwiese weiter, die von den Klippen im Hintergrund dominiert wird. Ein St\u00fcck weiter bietet der wilde Strand der Grotte aux F\u00e9es eine ganz besondere Kulisse f\u00fcr Naturliebhaber. Im Unterholz des Gel\u00e4ndes werden die Pflanzen, die den Besuchern im Weg stehen, durch eine Br\u00fccke aus Gitterrosten gesch\u00fctzt. Diese Br\u00fccke f\u00fchrt Sie zum gro\u00dfen Strand von Le Vallon, der teilweise sonnig und teilweise schattig ist, daher der dunkle provenzalische Name. Dieser Strand ist sowohl sandig als auch kiesig und l\u00e4dt zu einem erfrischenden Bad ein.    <\/p>","protected":false},"excerpt":{"rendered":"<p>Correns und das Sourn-Tal Correns, das erste Bio-Dorf in Frankreich Das Dorf Correns in der Region Var ist nur eine Autostunde vom Campingplatz Clair de Lune entfernt. Mit seinem provenzalischen Charme liegt es am rechten Ufer des Flusses Argens am Rande der Schlucht von Bagar\u00e8des. Die Umstellung erfolgte 1997, als ein Weinbauer und Agraringenieur im [&hellip;]<\/p>\n","protected":false},"featured_media":3859,"menu_order":0,"template":"","format":"standard","meta":{"_acf_changed":false,"footnotes":""},"blog":[58],"acf":[],"_links":{"self":[{"href":"https:\/\/acampa-vacances.com\/de\/wp-json\/wp\/v2\/blog\/13495"}],"collection":[{"href":"https:\/\/acampa-vacances.com\/de\/wp-json\/wp\/v2\/blog"}],"about":[{"href":"https:\/\/acampa-vacances.com\/de\/wp-json\/wp\/v2\/types\/blog"}],"version-history":[{"count":1,"href":"https:\/\/acampa-vacances.com\/de\/wp-json\/wp\/v2\/blog\/13495\/revisions"}],"predecessor-version":[{"id":13496,"href":"https:\/\/acampa-vacances.com\/de\/wp-json\/wp\/v2\/blog\/13495\/revisions\/13496"}],"wp:featuredmedia":[{"embeddable":true,"href":"https:\/\/acampa-vacances.com\/de\/wp-json\/wp\/v2\/media\/3859"}],"wp:attachment":[{"href":"https:\/\/acampa-vacances.com\/de\/wp-json\/wp\/v2\/media?parent=13495"}],"wp:term":[{"taxonomy":"blog","embeddable":true,"href":"https:\/\/acampa-vacances.com\/de\/wp-json\/wp\/v2\/blog?post=13495"}],"curies":[{"name":"wp","href":"https:\/\/api.w.org\/{rel}","templated":true}]}}