{"id":13755,"date":"2024-11-25T12:22:21","date_gmt":"2024-11-25T11:22:21","guid":{"rendered":"https:\/\/acampa-vacances.com\/blog\/decouverte-de-la-gastronomie-et-des-vignobles-provencaux-hyeres\/"},"modified":"2025-01-29T11:31:31","modified_gmt":"2025-01-29T10:31:31","slug":"entdeckung-der-gastronomie-und-der-provenzalischen-weinberge-hyeres","status":"publish","type":"blog","link":"https:\/\/acampa-vacances.com\/de\/blog\/entdeckung-der-gastronomie-und-der-provenzalischen-weinberge-hyeres\/","title":{"rendered":"Entdeckung der Gastronomie und der Weinberge der Provence"},"content":{"rendered":"<nav class=\"fildariane\"><a class=\"fildariane__item\" href=\"https:\/\/acampa-vacances.com\/de\/\">Acampa<\/a><span class=\"fc-icon\"><svg xmlns=\"http:\/\/www.w3.org\/2000\/svg\"  viewBox=\"0 0 320 512\" width=\"16px\" height=\"16px\"><!--! Font Awesome Pro 6.4.2 by @fontawesome - https:\/\/fontawesome.com License - https:\/\/fontawesome.com\/license (Commercial License) Copyright 2023 Fonticons, Inc.--><path d=\"M267.3 244.7c6.2 6.2 6.2 16.4 0 22.6l-160 160c-6.2 6.2-16.4 6.2-22.6 0s-6.2-16.4 0-22.6L233.4 256 84.7 107.3c-6.2-6.2-6.2-16.4 0-22.6s16.4-6.2 22.6 0l160 160z\"\/><\/svg><\/span><span class=\"fildariane__item\">Entdeckung der Gastronomie und der Weinberge der Provence<\/span><\/nav><a class=\"fildariane__item retour\" href=\"https:\/\/acampa-vacances.com\/de\/\"\"><span class=\"fc-icon\"><svg xmlns=\"http:\/\/www.w3.org\/2000\/svg\"  viewBox=\"0 0 448 512\" width=\"16px\" height=\"16px\"><!--! Font Awesome Pro 6.4.2 by @fontawesome - https:\/\/fontawesome.com License - https:\/\/fontawesome.com\/license (Commercial License) Copyright 2023 Fonticons, Inc.--><path d=\"M7.4 273.4C2.7 268.8 0 262.6 0 256s2.7-12.8 7.4-17.4l176-168c9.6-9.2 24.8-8.8 33.9 .8s8.8 24.8-.8 33.9L83.9 232 424 232c13.3 0 24 10.7 24 24s-10.7 24-24 24L83.9 280 216.6 406.6c9.6 9.2 9.9 24.3 .8 33.9s-24.3 9.9-33.9 .8l-176-168z\"\/><\/svg><\/span>Zur\u00fcck zur Startseite<\/a>\n\n\n<h1>Entdeckung der Gastronomie und der Weinberge der Provence &#8211; Hy\u00e8res<\/h1>\n\n<h2>Var 83 &#8211; Halbinsel Giens : Entdecken Sie Weinberge &amp; gastronomische K\u00f6stlichkeiten<\/h2>\n\n<p>Tauchen Sie bei Ihrem n\u00e4chsten Campingurlaub in Hy\u00e8res (Var 83) in das Herz der Lebensart des Var ein. Zwischen Weinbergen und lokaler Gastronomie verspricht dieser Ausflug ein unvergessliches Erlebnis f\u00fcr die Sinne. Willkommen in einer Welt, in der Gaumenfreuden und Weingenuss harmonisch miteinander verbunden sind. \ud83c\udf77\ud83c\udf7d\ufe0f   <\/p>\n\n<h2>Die Weinberge des Var: Exzellentes Terroir auf der Halbinsel Giens<\/h2>\n\n<p>W\u00e4hrend Ihres Aufenthalts in unserem Land laden wir Sie ein, die Geheimnisse der Weinberge des Var zu entdecken.  <\/p>\n\n<p>Das Weingut auf der Halbinsel Giens produziert au\u00dfergew\u00f6hnliche Weine* aus Rebsorten wie Muscat, Syrah, Cabernet&#8230;  <\/p>\n\n<p>Besuchen Sie auch <a href=\"https:\/\/www.lesbateliersdelarade.com\/visiter\/vins-de-porquerolles-des-vins-dexception\/#:~:text=Le%20Domaine%20de%20l&#039;%C3%AEle%20produit%20surtout%20de%20ros%C3%A9%20c%C3%B4tes,%2C%20Tibouren%2C%20Grenache%20et%20Cinsault.\" target=\"_blank\" rel=\"noreferrer noopener\">die Insel Porquerolles<\/a>, auf der Qualit\u00e4tsweine produziert werden.  <\/p>\n\n<p>Erkunden Sie diese Weinberge und lassen Sie sich von der Vielfalt der Weine verf\u00fchren, die die althergebrachten F\u00e4higkeiten der Winzer dieser Region widerspiegeln.  <\/p>\n\n<p>Ein berauschendes Erlebnis! \ud83c\udf77<\/p>\n\n<p><em>*Mit Weisheit zu konsumieren!<\/em><\/p>\n\n<div class=\"columns\"><div class=\"columns__item\" style=\"align-self:center;\"><h2>Die K\u00f6stlichkeiten der Gastronomie des Departements Var: Genie\u00dfen Sie die Spezialit\u00e4ten der Provence.<\/h2><p>  Zu diesen guten Weinen braucht man auch gute Gerichte! Auf der Speisekarte steht eine authentische und sonnige provenzalische K\u00fcche, die von Ancho\u00efade \u00fcber Daube proven\u00e7ale, Petit Farcis, Aioli, Fischsuppe und das ber\u00fchmte Ratatouille reicht. Verpassen Sie nicht die Tarte Trop\u00e9zienne, die durch Brigitte Bardot popul\u00e4r wurde, f\u00fcr eine unvergessliche s\u00fc\u00dfe Note.    <\/p><\/div><div class=\"columns__item\"><figure style=\"position:relative;\"><picture><source srcset=\"https:\/\/acampa-vacances.com\/wp-content\/uploads\/2024\/12\/Image1-420x400.jpg.webp\" media=\"(max-width: 210px)\"><source srcset=\"https:\/\/acampa-vacances.com\/wp-content\/uploads\/2024\/12\/Image1.jpg.webp\" media=\"(max-width: 420px)\"><source srcset=\"https:\/\/acampa-vacances.com\/wp-content\/uploads\/2024\/12\/Image1.jpg.webp\" media=\"(max-width: 850px)\"><source srcset=\"https:\/\/acampa-vacances.com\/wp-content\/uploads\/2024\/12\/Image1.jpg.webp\" media=\"(max-width: 1024px)\"><source srcset=\"https:\/\/acampa-vacances.com\/wp-content\/uploads\/2024\/12\/Image1.jpg.webp\" media=\"(min-width: 1025px)\"><img decoding=\"async\" src=\"https:\/\/acampa-vacances.com\/wp-content\/uploads\/2024\/12\/Image1-420x400.jpg.webp\" width=\"420\" height=\"210\" loading=\"lazy\" alt=\"\" title=\"\"><\/picture><figcaption>Julien Veyssade\/OTPM<\/figcaption><\/figure><\/div><\/div>\n\n<div class=\"columns\"><div class=\"columns__item\"><figure style=\"position:relative;\"><picture><source srcset=\"https:\/\/acampa-vacances.com\/wp-content\/uploads\/2024\/12\/Image2-420x321.jpg.webp\" media=\"(max-width: 210px)\"><source srcset=\"https:\/\/acampa-vacances.com\/wp-content\/uploads\/2024\/12\/Image2.jpg.webp\" media=\"(max-width: 420px)\"><source srcset=\"https:\/\/acampa-vacances.com\/wp-content\/uploads\/2024\/12\/Image2.jpg.webp\" media=\"(max-width: 850px)\"><source srcset=\"https:\/\/acampa-vacances.com\/wp-content\/uploads\/2024\/12\/Image2.jpg.webp\" media=\"(max-width: 1024px)\"><source srcset=\"https:\/\/acampa-vacances.com\/wp-content\/uploads\/2024\/12\/Image2.jpg.webp\" media=\"(min-width: 1025px)\"><img decoding=\"async\" src=\"https:\/\/acampa-vacances.com\/wp-content\/uploads\/2024\/12\/Image2-420x321.jpg.webp\" width=\"420\" height=\"210\" loading=\"lazy\" alt=\"\" title=\"\"><\/picture><figcaption>Camping International<\/figcaption><\/figure><\/div><div class=\"columns__item\" style=\"align-self:center;\"><h2>Entdecken Sie die authentischen Aromen der Restaurants des Campingplatzes<\/h2><p id=\"12913\">Damit Sie Ihren Aufenthalt bei uns in vollen Z\u00fcgen genie\u00dfen k\u00f6nnen, empfehlen wir Ihnen, <a href=\"https:\/\/acampa-vacances.com\/de\/clairdelune\/dienstleistungen\/\" data-type=\"clairdelune\" data-id=\"12913\">unsere Restaurants<\/a> vor Ort zu entdecken:<\/p><p><strong>Das Solarium<\/strong>, ein Snack-Restaurant mit Meerblick, empf\u00e4ngt Sie in einer entspannten Atmosph\u00e4re. Genie\u00dfen Sie unsere hausgemachten Tagesgerichte, Sandwiches und Salate, die Sie vor Ort genie\u00dfen oder mitnehmen k\u00f6nnen. Sie finden uns oberhalb von <a href=\"https:\/\/spinout.fr\/\" target=\"_blank\" rel=\"noreferrer noopener\">Spinout<\/a>, gegen\u00fcber dem Camping International.  <\/p><\/div><\/div>\n\n<div class=\"columns\"><div class=\"columns__item\" style=\"align-self:center;\"><h2><strong>Das Restaurant La R\u00e9serve<\/strong><\/h2><p>Das Restaurant liegt auf dem Campingplatz International und l\u00e4dt Sie ein, die authentische provenzalische K\u00fcche zu entdecken. Genie\u00dfen Sie den Blick auf den Pool, w\u00e4hrend Sie unsere k\u00f6stlichen Gerichte probieren, oder einfach nur einen Drink mit Freunden. Wir empfehlen Ihnen, unter der Nummer 04 94 58 96 88 zu reservieren, damit Sie Ihr kulinarisches Erlebnis in vollen Z\u00fcgen genie\u00dfen k\u00f6nnen.  <\/p><\/div><div class=\"columns__item\"><figure style=\"position:relative;\"><picture><source srcset=\"https:\/\/acampa-vacances.com\/wp-content\/uploads\/2024\/12\/Image3-420x321.jpg.webp\" media=\"(max-width: 210px)\"><source srcset=\"https:\/\/acampa-vacances.com\/wp-content\/uploads\/2024\/12\/Image3.jpg.webp\" media=\"(max-width: 420px)\"><source srcset=\"https:\/\/acampa-vacances.com\/wp-content\/uploads\/2024\/12\/Image3.jpg.webp\" media=\"(max-width: 850px)\"><source srcset=\"https:\/\/acampa-vacances.com\/wp-content\/uploads\/2024\/12\/Image3.jpg.webp\" media=\"(max-width: 1024px)\"><source srcset=\"https:\/\/acampa-vacances.com\/wp-content\/uploads\/2024\/12\/Image3.jpg.webp\" media=\"(min-width: 1025px)\"><img decoding=\"async\" src=\"https:\/\/acampa-vacances.com\/wp-content\/uploads\/2024\/12\/Image3-420x321.jpg.webp\" width=\"420\" height=\"210\" loading=\"lazy\" alt=\"\" title=\"\"><\/picture><figcaption>Camping International<\/figcaption><\/figure><\/div><\/div>\n\n<h2>Lust, all diese Wunder zu probieren?<\/h2>\n\n<p>  Um Ihren Aufenthalt in vollen Z\u00fcgen zu genie\u00dfen, buchen Sie auf einem unserer Campingpl\u00e4tze&#8230;<\/p>\n\n<p id=\"https:\/\/acampa-vacances.com\/clairdelune\/accueil\/\">Sind Sie auf der Suche nach Ruhe und Gelassenheit? Dann entscheiden Sie sich f\u00fcr den <a href=\"https:\/\/acampa-vacances.com\/de\/clairdelune\/willkommen\/\" data-type=\"link\" data-id=\"https:\/\/acampa-vacances.com\/clairdelune\/accueil\/\">Campingplatz Clair de Lune<\/a> mit seinen komfortablen Mobilheimen. Folgen Sie uns auf <a href=\"https:\/\/www.facebook.com\/campingclairdelune\/?locale=fr_FR\" target=\"_blank\" rel=\"noreferrer noopener\">Facebook<\/a>, damit Sie nichts verpassen!  <\/p>\n\n<p id=\"https:\/\/acampa-vacances.com\/international\/accueil\/\">Sind Sie eher ein Fan von sportlichen Aktivit\u00e4ten? Dann buchen Sie auf <a href=\"https:\/\/acampa-vacances.com\/de\/international\/willkommen\/\" data-type=\"link\" data-id=\"https:\/\/acampa-vacances.com\/international\/accueil\/\">Camping International <\/a>und genie\u00dfen Sie die Mietunterk\u00fcnfte und die gro\u00dfen Stellpl\u00e4tze. Besuchen Sie unsere <a href=\"https:\/\/www.facebook.com\/camping.international.de.giens\/?locale=fr_FR\" target=\"_blank\" rel=\"noreferrer noopener\">Facebook-Seite<\/a>!  <\/p>\n\n<p id=\"https:\/\/acampa-vacances.com\/iledor\/accueil\/\">Sind Sie ein Naturliebhaber? Dann w\u00e4hlen Sie den <a href=\"https:\/\/acampa-vacances.com\/de\/iledor\/willkommen\/\" data-type=\"link\" data-id=\"https:\/\/acampa-vacances.com\/iledor\/accueil\/\">Campingplatz L&#8217;Ile d&#8217;Or<\/a> mit seinen Mobilheimen oder Stellpl\u00e4tzen. Kommen Sie zu uns f\u00fcr einen erholsamen Aufenthalt!    <a href=\"https:\/\/www.facebook.com\/campingiledor\/?locale=cy_GB\" target=\"_blank\" rel=\"noreferrer noopener\">Facebook<\/a><\/p>","protected":false},"excerpt":{"rendered":"<p>Entdeckung der Gastronomie und der Weinberge der Provence &#8211; Hy\u00e8res Var 83 &#8211; Halbinsel Giens : Entdecken Sie Weinberge &amp; gastronomische K\u00f6stlichkeiten Tauchen Sie bei Ihrem n\u00e4chsten Campingurlaub in Hy\u00e8res (Var 83) in das Herz der Lebensart des Var ein. Zwischen Weinbergen und lokaler Gastronomie verspricht dieser Ausflug ein unvergessliches Erlebnis f\u00fcr die Sinne. Willkommen [&hellip;]<\/p>\n","protected":false},"featured_media":8617,"menu_order":0,"template":"","format":"standard","meta":{"_acf_changed":false,"footnotes":""},"blog":[55],"acf":[],"_links":{"self":[{"href":"https:\/\/acampa-vacances.com\/de\/wp-json\/wp\/v2\/blog\/13755"}],"collection":[{"href":"https:\/\/acampa-vacances.com\/de\/wp-json\/wp\/v2\/blog"}],"about":[{"href":"https:\/\/acampa-vacances.com\/de\/wp-json\/wp\/v2\/types\/blog"}],"version-history":[{"count":2,"href":"https:\/\/acampa-vacances.com\/de\/wp-json\/wp\/v2\/blog\/13755\/revisions"}],"predecessor-version":[{"id":13839,"href":"https:\/\/acampa-vacances.com\/de\/wp-json\/wp\/v2\/blog\/13755\/revisions\/13839"}],"wp:featuredmedia":[{"embeddable":true,"href":"https:\/\/acampa-vacances.com\/de\/wp-json\/wp\/v2\/media\/8617"}],"wp:attachment":[{"href":"https:\/\/acampa-vacances.com\/de\/wp-json\/wp\/v2\/media?parent=13755"}],"wp:term":[{"taxonomy":"blog","embeddable":true,"href":"https:\/\/acampa-vacances.com\/de\/wp-json\/wp\/v2\/blog?post=13755"}],"curies":[{"name":"wp","href":"https:\/\/api.w.org\/{rel}","templated":true}]}}