{"id":13559,"date":"2024-11-25T12:22:22","date_gmt":"2024-11-25T11:22:22","guid":{"rendered":"https:\/\/acampa-vacances.com\/blog\/les-plus-beaux-marches-du-var\/"},"modified":"2025-10-22T12:07:42","modified_gmt":"2025-10-22T10:07:42","slug":"the-most-beautiful-marches-du-var","status":"publish","type":"blog","link":"https:\/\/acampa-vacances.com\/en\/blog\/the-most-beautiful-marches-du-var\/","title":{"rendered":"The most beautiful markets in the Var"},"content":{"rendered":"<nav class=\"fildariane\"><a class=\"fildariane__item\" href=\"https:\/\/acampa-vacances.com\/en\/\">Acampa<\/a><span class=\"fc-icon\"><svg xmlns=\"http:\/\/www.w3.org\/2000\/svg\"  viewBox=\"0 0 320 512\" width=\"16px\" height=\"16px\"><!--! Font Awesome Pro 6.4.2 by @fontawesome - https:\/\/fontawesome.com License - https:\/\/fontawesome.com\/license (Commercial License) Copyright 2023 Fonticons, Inc.--><path d=\"M267.3 244.7c6.2 6.2 6.2 16.4 0 22.6l-160 160c-6.2 6.2-16.4 6.2-22.6 0s-6.2-16.4 0-22.6L233.4 256 84.7 107.3c-6.2-6.2-6.2-16.4 0-22.6s16.4-6.2 22.6 0l160 160z\"\/><\/svg><\/span><span class=\"fildariane__item\">The most beautiful markets in the Var<\/span><\/nav><a class=\"fildariane__item retour\" href=\"https:\/\/acampa-vacances.com\/en\/\"\"><span class=\"fc-icon\"><svg xmlns=\"http:\/\/www.w3.org\/2000\/svg\"  viewBox=\"0 0 448 512\" width=\"16px\" height=\"16px\"><!--! Font Awesome Pro 6.4.2 by @fontawesome - https:\/\/fontawesome.com License - https:\/\/fontawesome.com\/license (Commercial License) Copyright 2023 Fonticons, Inc.--><path d=\"M7.4 273.4C2.7 268.8 0 262.6 0 256s2.7-12.8 7.4-17.4l176-168c9.6-9.2 24.8-8.8 33.9 .8s8.8 24.8-.8 33.9L83.9 232 424 232c13.3 0 24 10.7 24 24s-10.7 24-24 24L83.9 280 216.6 406.6c9.6 9.2 9.9 24.3 .8 33.9s-24.3 9.9-33.9 .8l-176-168z\"\/><\/svg><\/span>Back to home page<\/a>\n\n\n<h1>The most beautiful markets in the Var<\/h1>\n\n<p><strong>The markets of Provence<\/strong> are an invitation to the pleasure of the eyes, the smells and the flavors: come and discover our region through sunny morning strolls while letting yourself be guided by<strong> the characteristic smells of the south<\/strong>! See our <strong>selection of the most beautiful markets<\/strong> to visit during your stay, <strong>close to the Giens campsites<\/strong>. Enjoy the walk! <\/p>\n\n<h2>Markets west of the International campsite<\/h2>\n\n<div class=\"columns\"><div class=\"columns__item\" style=\"align-self:center;\"><h3>Toulon market<\/h3><p id=\"https:\/\/acampa-vacances.com\/international\/accueil\/\">You can enjoy the Toulon market, around 28 km from <a href=\"https:\/\/acampa-vacances.com\/de\/international\/willkommen\/\" data-type=\"link\" data-id=\"https:\/\/acampa-vacances.com\/international\/accueil\/\">Camping International<\/a>, every day from 7.30 a.m. to 12.30 p.m., except Mondays, on the Cours Lafayette.  <\/p><p>You&#8217;ll find fresh fruit and vegetables bursting with sunshine, flowers in the colors of our region, textiles and souvenirs of your stay in the south&#8230;<\/p><\/div><div class=\"columns__item\"><figure><picture><source srcset=\"https:\/\/acampa-vacances.com\/wp-content\/uploads\/2024\/11\/marche-420x420.jpeg.webp\" media=\"(max-width: 210px)\"><source srcset=\"https:\/\/acampa-vacances.com\/wp-content\/uploads\/2024\/11\/marche-850x566.jpeg.webp\" media=\"(max-width: 420px)\"><source srcset=\"https:\/\/acampa-vacances.com\/wp-content\/uploads\/2024\/11\/marche-768x512.jpeg.webp\" media=\"(max-width: 850px)\"><source srcset=\"https:\/\/acampa-vacances.com\/wp-content\/uploads\/2024\/11\/marche-1024x682.jpeg.webp\" media=\"(max-width: 1024px)\"><source srcset=\"https:\/\/acampa-vacances.com\/wp-content\/uploads\/2024\/11\/marche.jpeg.webp\" media=\"(min-width: 1025px)\"><img decoding=\"async\" src=\"https:\/\/acampa-vacances.com\/wp-content\/uploads\/2024\/11\/marche-420x420.jpeg.webp\" width=\"420\" height=\"210\" loading=\"lazy\" alt=\"\" title=\"\"><\/picture><\/figure><\/div><\/div>\n\n<div class=\"columns\"><div class=\"columns__item\"><figure><picture><source srcset=\"https:\/\/acampa-vacances.com\/wp-content\/uploads\/2024\/12\/marche-de-sanary-420x420.jpg.webp\" media=\"(max-width: 210px)\"><source srcset=\"https:\/\/acampa-vacances.com\/wp-content\/uploads\/2024\/12\/marche-de-sanary.jpg.webp\" media=\"(max-width: 420px)\"><source srcset=\"https:\/\/acampa-vacances.com\/wp-content\/uploads\/2024\/12\/marche-de-sanary.jpg.webp\" media=\"(max-width: 850px)\"><source srcset=\"https:\/\/acampa-vacances.com\/wp-content\/uploads\/2024\/12\/marche-de-sanary.jpg.webp\" media=\"(max-width: 1024px)\"><source srcset=\"https:\/\/acampa-vacances.com\/wp-content\/uploads\/2024\/12\/marche-de-sanary.jpg.webp\" media=\"(min-width: 1025px)\"><img decoding=\"async\" src=\"https:\/\/acampa-vacances.com\/wp-content\/uploads\/2024\/12\/marche-de-sanary-420x420.jpg.webp\" width=\"420\" height=\"210\" loading=\"lazy\" alt=\"\" title=\"\"><\/picture><\/figure><\/div><div class=\"columns__item\" style=\"align-self:center;\"><h3><strong>Sanary market<\/strong><\/h3><p>Every Wednesday, from 8am to 1pm, come and discover the Sanary market, voted &#8221; <strong>Most beautiful market in France<\/strong> &#8221; in 2018 by the majority of French people via a competition launched by TF1!<\/p><p>More than 300 exhibitors offer <strong>typical Provencal products<\/strong>, in the shade of the plane trees on the all\u00e9e d&#8217;Estienne d&#8217;Orves and along the Quai Charles de Gaulle.  <\/p><p id=\"https:\/\/acampa-vacances.com\/clairdelune\/accueil\/\">Located about 40 km from <a href=\"https:\/\/acampa-vacances.com\/en\/clairdelune\/welcome\/\" data-type=\"link\" data-id=\"https:\/\/acampa-vacances.com\/clairdelune\/accueil\/\">Camping Clair de Lune<\/a>, this market will delight your eyes and taste buds!<\/p><\/div><\/div>\n\n<div class=\"columns\"><div class=\"columns__item\" style=\"align-self:center;\"><h3>Carqueiranne market<\/h3><p>Always present to the west of our campsites, every Thursday from 8am to 1pm in the village center, avenue Jean Jaur\u00e8s, you&#8217;ll discover <strong>the Carqueiranne market<\/strong>. A charming place to <strong>shop for fruit and vegetables, organic and natural foods, fish and seafood. <\/strong>  <\/p><p>The market in this seaside resort, less than 12 km from <a href=\"https:\/\/acampa-vacances.com\/de\/iledor\/willkommen\/\">Camping L&#8217;ile d&#8217;Or<\/a>, is just a stone&#8217;s throw from the sea and delights all visitors with its heavenly setting!<\/p><\/div><div class=\"columns__item\"><figure><picture><source srcset=\"https:\/\/acampa-vacances.com\/wp-content\/uploads\/2024\/12\/marche-de-carqueiranne-420x340.jpg.webp\" media=\"(max-width: 210px)\"><source srcset=\"https:\/\/acampa-vacances.com\/wp-content\/uploads\/2024\/12\/marche-de-carqueiranne.jpg.webp\" media=\"(max-width: 420px)\"><source srcset=\"https:\/\/acampa-vacances.com\/wp-content\/uploads\/2024\/12\/marche-de-carqueiranne.jpg.webp\" media=\"(max-width: 850px)\"><source srcset=\"https:\/\/acampa-vacances.com\/wp-content\/uploads\/2024\/12\/marche-de-carqueiranne.jpg.webp\" media=\"(max-width: 1024px)\"><source srcset=\"https:\/\/acampa-vacances.com\/wp-content\/uploads\/2024\/12\/marche-de-carqueiranne.jpg.webp\" media=\"(min-width: 1025px)\"><img decoding=\"async\" src=\"https:\/\/acampa-vacances.com\/wp-content\/uploads\/2024\/12\/marche-de-carqueiranne-420x340.jpg.webp\" width=\"420\" height=\"210\" loading=\"lazy\" alt=\"\" title=\"\"><\/picture><\/figure><\/div><\/div>\n\n<h2>Markets west of the International campsite<\/h2>\n\n<div class=\"columns\"><div class=\"columns__item\"><figure><picture><source srcset=\"https:\/\/acampa-vacances.com\/wp-content\/uploads\/2024\/12\/Olive-marche-camping-international-giens-420x340.jpg.webp\" media=\"(max-width: 210px)\"><source srcset=\"https:\/\/acampa-vacances.com\/wp-content\/uploads\/2024\/12\/Olive-marche-camping-international-giens.jpg.webp\" media=\"(max-width: 420px)\"><source srcset=\"https:\/\/acampa-vacances.com\/wp-content\/uploads\/2024\/12\/Olive-marche-camping-international-giens.jpg.webp\" media=\"(max-width: 850px)\"><source srcset=\"https:\/\/acampa-vacances.com\/wp-content\/uploads\/2024\/12\/Olive-marche-camping-international-giens.jpg.webp\" media=\"(max-width: 1024px)\"><source srcset=\"https:\/\/acampa-vacances.com\/wp-content\/uploads\/2024\/12\/Olive-marche-camping-international-giens.jpg.webp\" media=\"(min-width: 1025px)\"><img decoding=\"async\" src=\"https:\/\/acampa-vacances.com\/wp-content\/uploads\/2024\/12\/Olive-marche-camping-international-giens-420x340.jpg.webp\" width=\"420\" height=\"210\" loading=\"lazy\" alt=\"\" title=\"\"><\/picture><\/figure><\/div><div class=\"columns__item\" style=\"align-self:center;\"><h3>Le Lavandou market<\/h3><p>Every Thursday morning from 8am to 1pm, the Lavandou Provencal Market welcomes you to the Place du March\u00e9.<\/p><p id=\"https:\/\/acampa-vacances.com\/international\/accueil\/\"><strong>The atmosphere and colors of Provence<\/strong> take you on a journey from product to product: <strong>local wines, flowers delicately cultivated under the Proven\u00e7al sky, sun-ripened fruit and vegetables, local specialties<\/strong>&#8230; A real immersion in the heart of our traditions, around 30 km from our <a href=\"https:\/\/acampa-vacances.com\/de\/international\/willkommen\/\" data-type=\"link\" data-id=\"https:\/\/acampa-vacances.com\/international\/accueil\/\">International Campsite<\/a>.<\/p><\/div><\/div>\n\n<div class=\"columns\"><div class=\"columns__item\" style=\"align-self:center;\"><h3>Hy\u00e8res market<\/h3><p id=\"https:\/\/acampa-vacances.com\/clairdelune\/accueil\/\">The town of Hy\u00e8res welcomes you every Saturday morning from 7am to 12pm for its Grand March\u00e9 des \u00celes d&#8217;Or, almost 10 km from <a href=\"https:\/\/acampa-vacances.com\/en\/clairdelune\/welcome\/\" data-type=\"link\" data-id=\"https:\/\/acampa-vacances.com\/clairdelune\/accueil\/\">Camping Clair de Lune<\/a>.<\/p><p>Come and discover <strong>local produce, flowers, plants, textiles, fruit, vegetables and much more<\/strong>, in the pedestrian streets and along Avenue Gambetta.<\/p><p>You&#8217;ll be amazed by <strong>the typical Provencal atmosphere of this market,<\/strong> and as you pass by the stalls, you&#8217;ll be lulled by the voices of passers-by mingling with those of the 120 or so exhibitors.<\/p><\/div><div class=\"columns__item\"><figure><picture><source srcset=\"https:\/\/acampa-vacances.com\/wp-content\/uploads\/2024\/12\/savons-marche-camping-international-giens-420x340.jpg.webp\" media=\"(max-width: 210px)\"><source srcset=\"https:\/\/acampa-vacances.com\/wp-content\/uploads\/2024\/12\/savons-marche-camping-international-giens.jpg.webp\" media=\"(max-width: 420px)\"><source srcset=\"https:\/\/acampa-vacances.com\/wp-content\/uploads\/2024\/12\/savons-marche-camping-international-giens.jpg.webp\" media=\"(max-width: 850px)\"><source srcset=\"https:\/\/acampa-vacances.com\/wp-content\/uploads\/2024\/12\/savons-marche-camping-international-giens.jpg.webp\" media=\"(max-width: 1024px)\"><source srcset=\"https:\/\/acampa-vacances.com\/wp-content\/uploads\/2024\/12\/savons-marche-camping-international-giens.jpg.webp\" media=\"(min-width: 1025px)\"><img decoding=\"async\" src=\"https:\/\/acampa-vacances.com\/wp-content\/uploads\/2024\/12\/savons-marche-camping-international-giens-420x340.jpg.webp\" width=\"420\" height=\"210\" loading=\"lazy\" alt=\"\" title=\"\"><\/picture><\/figure><\/div><\/div>\n\n<h2>Book your next vacation at one of our campsites in Giens<\/h2>\n\n<p><strong>The markets<\/strong> allow you to <strong>discover the different places of life around Giens<\/strong> and its local culture.<\/p>\n\n<p id=\"https:\/\/acampa-vacances.com\/en\/\">Take advantage of the <strong>idyllic setting of our <a href=\"https:\/\/acampa-vacances.com\/en\/\" data-type=\"link\" data-id=\"https:\/\/acampa-vacances.com\/en\/\">campsites in the Var<\/a><\/strong> to indulge in an intellectual interlude punctuated by a variety of activities, all with your feet in the water!  <\/p>\n\n<p><strong>Join us now on <a href=\"https:\/\/www.facebook.com\/camping.international.de.giens\/\" target=\"_blank\" rel=\"noreferrer noopener\">Facebook<\/a>!<\/strong><\/p>","protected":false},"excerpt":{"rendered":"<p>The most beautiful markets in the Var The markets of Provence are an invitation to the pleasure of the eyes, the smells and the flavors: come and discover our region through sunny morning strolls while letting yourself be guided by the characteristic smells of the south! See our selection of the most beautiful markets to [&hellip;]<\/p>\n","protected":false},"featured_media":17213,"menu_order":0,"template":"","format":"standard","meta":{"_acf_changed":false,"footnotes":""},"blog":[56],"acf":[],"_links":{"self":[{"href":"https:\/\/acampa-vacances.com\/en\/wp-json\/wp\/v2\/blog\/13559"}],"collection":[{"href":"https:\/\/acampa-vacances.com\/en\/wp-json\/wp\/v2\/blog"}],"about":[{"href":"https:\/\/acampa-vacances.com\/en\/wp-json\/wp\/v2\/types\/blog"}],"version-history":[{"count":2,"href":"https:\/\/acampa-vacances.com\/en\/wp-json\/wp\/v2\/blog\/13559\/revisions"}],"predecessor-version":[{"id":16250,"href":"https:\/\/acampa-vacances.com\/en\/wp-json\/wp\/v2\/blog\/13559\/revisions\/16250"}],"wp:featuredmedia":[{"embeddable":true,"href":"https:\/\/acampa-vacances.com\/en\/wp-json\/wp\/v2\/media\/17213"}],"wp:attachment":[{"href":"https:\/\/acampa-vacances.com\/en\/wp-json\/wp\/v2\/media?parent=13559"}],"wp:term":[{"taxonomy":"blog","embeddable":true,"href":"https:\/\/acampa-vacances.com\/en\/wp-json\/wp\/v2\/blog?post=13559"}],"curies":[{"name":"wp","href":"https:\/\/api.w.org\/{rel}","templated":true}]}}