{"id":13217,"date":"2024-11-25T12:22:25","date_gmt":"2024-11-25T11:22:25","guid":{"rendered":"https:\/\/acampa-vacances.com\/blog\/a-la-decouverte-du-parcours-des-arts-a-hyeres\/"},"modified":"2025-01-29T09:10:23","modified_gmt":"2025-01-29T08:10:23","slug":"alla-scoperta-del-parcours-des-arts-di-hyeres","status":"publish","type":"blog","link":"https:\/\/acampa-vacances.com\/it\/blog\/alla-scoperta-del-parcours-des-arts-di-hyeres\/","title":{"rendered":"Scoprire il percorso artistico"},"content":{"rendered":"<nav class=\"fildariane\"><a class=\"fildariane__item\" href=\"https:\/\/acampa-vacances.com\/it\/\">Acampa<\/a><span class=\"fc-icon\"><svg xmlns=\"http:\/\/www.w3.org\/2000\/svg\"  viewBox=\"0 0 320 512\" width=\"16px\" height=\"16px\"><!--! Font Awesome Pro 6.4.2 by @fontawesome - https:\/\/fontawesome.com License - https:\/\/fontawesome.com\/license (Commercial License) Copyright 2023 Fonticons, Inc.--><path d=\"M267.3 244.7c6.2 6.2 6.2 16.4 0 22.6l-160 160c-6.2 6.2-16.4 6.2-22.6 0s-6.2-16.4 0-22.6L233.4 256 84.7 107.3c-6.2-6.2-6.2-16.4 0-22.6s16.4-6.2 22.6 0l160 160z\"\/><\/svg><\/span><span class=\"fildariane__item\">Scoprire il percorso artistico<\/span><\/nav><a class=\"fildariane__item retour\" href=\"https:\/\/acampa-vacances.com\/it\/\"\"><span class=\"fc-icon\"><svg xmlns=\"http:\/\/www.w3.org\/2000\/svg\"  viewBox=\"0 0 448 512\" width=\"16px\" height=\"16px\"><!--! Font Awesome Pro 6.4.2 by @fontawesome - https:\/\/fontawesome.com License - https:\/\/fontawesome.com\/license (Commercial License) Copyright 2023 Fonticons, Inc.--><path d=\"M7.4 273.4C2.7 268.8 0 262.6 0 256s2.7-12.8 7.4-17.4l176-168c9.6-9.2 24.8-8.8 33.9 .8s8.8 24.8-.8 33.9L83.9 232 424 232c13.3 0 24 10.7 24 24s-10.7 24-24 24L83.9 280 216.6 406.6c9.6 9.2 9.9 24.3 .8 33.9s-24.3 9.9-33.9 .8l-176-168z\"\/><\/svg><\/span>Torna alla pagina iniziale<\/a>\n<h1>Scoprire il Parcours des Arts di Hy\u00e8res<\/h1><p>Sei alla ricerca di idee per gite in famiglia a Hy\u00e8res? Oggi vogliamo portarti alla scoperta del patrimonio e delle arti e mestieri del centro storico di Hy\u00e8res. Non lontano dal campeggio si trova il Sentiero delle Arti e del Patrimonio. Ci segui?   <\/p><div class=\"columns\"><div class=\"columns__item\" style=\"align-self:center;\"><h2>Un tour a tema premiato a Hy\u00e8res<\/h2><p>Il <strong>percorso Arts and Heritage<\/strong> ti porter\u00e0 a conoscere artigiani e designer che ti mostreranno le loro abilit\u00e0 e i loro talenti tradizionali, mentre tu potrai ammirare il patrimonio architettonico, vegetale e urbano.<\/p><p>Il Parcours des Arts ha ricevuto il 1\u00b0 premio del concorso nazionale di arte urbana nel 2018.<\/p><\/div><div class=\"columns__item\"><figure style=\"position:relative;\"><picture><source srcset=\"https:\/\/acampa-vacances.com\/wp-content\/uploads\/2024\/11\/parcours-des-arts-768x512-1-1-420x420.jpg.webp\" media=\"(max-width: 210px)\"><source srcset=\"https:\/\/acampa-vacances.com\/wp-content\/uploads\/2024\/11\/parcours-des-arts-768x512-1-1.jpg.webp\" media=\"(max-width: 420px)\"><source srcset=\"https:\/\/acampa-vacances.com\/wp-content\/uploads\/2024\/11\/parcours-des-arts-768x512-1-1.jpg.webp\" media=\"(max-width: 850px)\"><source srcset=\"https:\/\/acampa-vacances.com\/wp-content\/uploads\/2024\/11\/parcours-des-arts-768x512-1-1.jpg.webp\" media=\"(max-width: 1024px)\"><source srcset=\"https:\/\/acampa-vacances.com\/wp-content\/uploads\/2024\/11\/parcours-des-arts-768x512-1-1.jpg.webp\" media=\"(min-width: 1025px)\"><img decoding=\"async\" src=\"https:\/\/acampa-vacances.com\/wp-content\/uploads\/2024\/11\/parcours-des-arts-768x512-1-1-420x420.jpg.webp\" width=\"420\" height=\"210\" loading=\"lazy\" alt=\"\" title=\"\"><\/picture><figcaption>Julien Veyssade \/ Tourisme Provence M\u00e9diterran\u00e9e<\/figcaption><\/figure><\/div><\/div><h2>Conoscere nuove persone a Hy\u00e8res<\/h2><p>Il centro storico \u00e8 costellato da una trentina di botteghe-atelier. Mentre passeggi per le stradine, chiacchiera con questa meravigliosa comunit\u00e0 di artisti: liutai, intagliatori di pietra, sellai, artisti visivi, vetrai, ceramisti, pittori, sarti, calligrafi&#8230; Ti mostreranno i loro laboratori, le loro abilit\u00e0 e la loro passione&#8230; <\/p><p>Oltre a questi grandi incontri, potrai anche ammirare il patrimonio architettonico del centro storico di Hyeres.<\/p><div class=\"columns\"><div class=\"columns__item\"><figure style=\"position:relative;\"><picture><source srcset=\"https:\/\/acampa-vacances.com\/wp-content\/uploads\/2024\/11\/banque-jpg-768x576-1-420x420.jpg.webp\" media=\"(max-width: 210px)\"><source srcset=\"https:\/\/acampa-vacances.com\/wp-content\/uploads\/2024\/11\/banque-jpg-768x576-1.jpg.webp\" media=\"(max-width: 420px)\"><source srcset=\"https:\/\/acampa-vacances.com\/wp-content\/uploads\/2024\/11\/banque-jpg-768x576-1.jpg.webp\" media=\"(max-width: 850px)\"><source srcset=\"https:\/\/acampa-vacances.com\/wp-content\/uploads\/2024\/11\/banque-jpg-768x576-1.jpg.webp\" media=\"(max-width: 1024px)\"><source srcset=\"https:\/\/acampa-vacances.com\/wp-content\/uploads\/2024\/11\/banque-jpg-768x576-1.jpg.webp\" media=\"(min-width: 1025px)\"><img decoding=\"async\" src=\"https:\/\/acampa-vacances.com\/wp-content\/uploads\/2024\/11\/banque-jpg-768x576-1-420x420.jpg.webp\" width=\"420\" height=\"210\" loading=\"lazy\" alt=\"\" title=\"\"><\/picture><figcaption>Julien Veyssade \/ Tourisme Provence M\u00e9diterran\u00e9e<\/figcaption><\/figure><\/div><div class=\"columns__item\" style=\"align-self:center;\"><h2>E la meravigliosa architettura di Hy\u00e8res<\/h2><p>Lungo il percorso potrai scoprire la<strong>Chiesa di Saint-Louis<\/strong>, la <strong>Piazza Stalingrado<\/strong> creata nel 1830, la <strong>Place Saint-Paul<\/strong> e <strong>il Lavoir<\/strong>, premiato con il <strong>Ruban du Patrimoine<\/strong>. Ci sono anche i giardini mediterranei del <strong>Parc Saint-Bernard<\/strong>, <strong>Villa Noailles<\/strong>, la <strong>Torre dei Templari<\/strong>&#8230; E non dimenticare di visitare <strong>La Banque<\/strong>, il nuovo <strong>Mus\u00e9e des Cultures et des Paysages<\/strong> nel centro della citt\u00e0, che ospita le collezioni di Hyer ed \u00e8 stato classificato come Mus\u00e9e de France. <\/p><\/div><\/div><h2>Prenota il tuo soggiorno in uno dei nostri campeggi partner a Giens<\/h2><p>Per una vacanza fantastica e per scoprire tutte le sfaccettature di Hy\u00e8res, la Presqu&#8217;\u00eele de Giens \u00e8 il posto giusto! Situata vicino alle isole di Porquerolles, Port-Cros e Le Levant, la penisola di Giens \u00e8 molto popolare&#8230; <\/p><p id=\"https:\/\/acampa-vacances.com\/clairdelune\/accueil\/\">Al <a href=\"https:\/\/acampa-vacances.com\/it\/clairdelune\/benvenuto\/\" data-type=\"link\" data-id=\"https:\/\/acampa-vacances.com\/clairdelune\/accueil\/\">Camping Clair de<\/a> Lune troverai alloggi tranquilli per una vacanza rilassante.<\/p><p id=\"https:\/\/acampa-vacances.com\/iledor\/accueil\/\">Per una vacanza all&#8217;insegna del calore e dell&#8217;amicizia, puoi approfittare di un alloggio confortevole o di una piazzola al <a href=\"https:\/\/acampa-vacances.com\/it\/iledor\/benvenuto\/\" data-type=\"link\" data-id=\"https:\/\/acampa-vacances.com\/iledor\/accueil\/\">Camping l&#8217;Ile d&#8217;Or<\/a>.<\/p><p id=\"https:\/\/acampa-vacances.com\/international\/accueil\/\">E se sei alla ricerca di una vacanza ricca di attivit\u00e0 sportive, il <a href=\"https:\/\/acampa-vacances.com\/it\/international\/benvenuto\/\" data-type=\"link\" data-id=\"https:\/\/acampa-vacances.com\/international\/accueil\/\">Campeggio Internazionale<\/a> \u00e8 il posto giusto!<\/p><h3>Altri articoli da leggere sui luoghi da visitare a Hy\u00e8res<\/h3><ul><li><a href=\"https:\/\/acampa-vacances.com\/it\/blog\/trois-domaines-e-vigneti-vicino-a-hyeres\/\" data-type=\"link\" data-id=\"https:\/\/acampa-vacances.com\/blog\/trois-domaines-et-vignobles-proches-de-hyeres\/\">Tre tenute e vigneti vicino a Hy\u00e8res<\/a>\n<\/li><li><a href=\"https:\/\/acampa-vacances.com\/it\/blog\/scopri-tre-birre-artigianali-prodotte-nel-var\/\" data-type=\"link\" data-id=\"https:\/\/acampa-vacances.com\/blog\/decouvrez-trois-bieres-artisanales-brassees-dans-le-var\/\">Sulle tracce della birra<\/a>\n<\/li><li><a href=\"https:\/\/acampa-vacances.com\/it\/blog\/tradizione-provenzale-les-santons-et-les-santonniers-du-var\/\" data-type=\"link\" data-id=\"https:\/\/acampa-vacances.com\/blog\/tradition-provencale-les-santons-et-les-santonniers-du-var\/\">Scopri i santoni della Provenza e i produttori di santoni del Var<\/a>\n<\/li><\/ul>","protected":false},"excerpt":{"rendered":"<p>Scoprire il Parcours des Arts di Hy\u00e8res Sei alla ricerca di idee per gite in famiglia a Hy\u00e8res? Oggi vogliamo portarti alla scoperta del patrimonio e delle arti e mestieri del centro storico di Hy\u00e8res. Non lontano dal campeggio si trova il Sentiero delle Arti e del Patrimonio. Ci segui? Un tour a tema premiato [&hellip;]<\/p>\n","protected":false},"featured_media":3256,"menu_order":0,"template":"","format":"standard","meta":{"_acf_changed":false,"footnotes":""},"blog":[59],"acf":[],"_links":{"self":[{"href":"https:\/\/acampa-vacances.com\/it\/wp-json\/wp\/v2\/blog\/13217"}],"collection":[{"href":"https:\/\/acampa-vacances.com\/it\/wp-json\/wp\/v2\/blog"}],"about":[{"href":"https:\/\/acampa-vacances.com\/it\/wp-json\/wp\/v2\/types\/blog"}],"version-history":[{"count":1,"href":"https:\/\/acampa-vacances.com\/it\/wp-json\/wp\/v2\/blog\/13217\/revisions"}],"predecessor-version":[{"id":13218,"href":"https:\/\/acampa-vacances.com\/it\/wp-json\/wp\/v2\/blog\/13217\/revisions\/13218"}],"wp:featuredmedia":[{"embeddable":true,"href":"https:\/\/acampa-vacances.com\/it\/wp-json\/wp\/v2\/media\/3256"}],"wp:attachment":[{"href":"https:\/\/acampa-vacances.com\/it\/wp-json\/wp\/v2\/media?parent=13217"}],"wp:term":[{"taxonomy":"blog","embeddable":true,"href":"https:\/\/acampa-vacances.com\/it\/wp-json\/wp\/v2\/blog?post=13217"}],"curies":[{"name":"wp","href":"https:\/\/api.w.org\/{rel}","templated":true}]}}