{"id":13227,"date":"2024-11-25T12:22:25","date_gmt":"2024-11-25T11:22:25","guid":{"rendered":"https:\/\/acampa-vacances.com\/blog\/sortie-nature-aux-salins-dhyeres-var-83-presquile-de-giens\/"},"modified":"2025-01-29T09:10:23","modified_gmt":"2025-01-29T08:10:23","slug":"escursione-naturalistica-aux-salins-dhyeres-var-83-presquile-de-giens","status":"publish","type":"blog","link":"https:\/\/acampa-vacances.com\/it\/blog\/escursione-naturalistica-aux-salins-dhyeres-var-83-presquile-de-giens\/","title":{"rendered":"Gita naturalistica alle saline di Hy\u00e8res"},"content":{"rendered":"<nav class=\"fildariane\"><a class=\"fildariane__item\" href=\"https:\/\/acampa-vacances.com\/it\/\">Acampa<\/a><span class=\"fc-icon\"><svg xmlns=\"http:\/\/www.w3.org\/2000\/svg\"  viewBox=\"0 0 320 512\" width=\"16px\" height=\"16px\"><!--! Font Awesome Pro 6.4.2 by @fontawesome - https:\/\/fontawesome.com License - https:\/\/fontawesome.com\/license (Commercial License) Copyright 2023 Fonticons, Inc.--><path d=\"M267.3 244.7c6.2 6.2 6.2 16.4 0 22.6l-160 160c-6.2 6.2-16.4 6.2-22.6 0s-6.2-16.4 0-22.6L233.4 256 84.7 107.3c-6.2-6.2-6.2-16.4 0-22.6s16.4-6.2 22.6 0l160 160z\"\/><\/svg><\/span><span class=\"fildariane__item\">Gita naturalistica alle saline di Hy\u00e8res<\/span><\/nav><a class=\"fildariane__item retour\" href=\"https:\/\/acampa-vacances.com\/it\/\"\"><span class=\"fc-icon\"><svg xmlns=\"http:\/\/www.w3.org\/2000\/svg\"  viewBox=\"0 0 448 512\" width=\"16px\" height=\"16px\"><!--! Font Awesome Pro 6.4.2 by @fontawesome - https:\/\/fontawesome.com License - https:\/\/fontawesome.com\/license (Commercial License) Copyright 2023 Fonticons, Inc.--><path d=\"M7.4 273.4C2.7 268.8 0 262.6 0 256s2.7-12.8 7.4-17.4l176-168c9.6-9.2 24.8-8.8 33.9 .8s8.8 24.8-.8 33.9L83.9 232 424 232c13.3 0 24 10.7 24 24s-10.7 24-24 24L83.9 280 216.6 406.6c9.6 9.2 9.9 24.3 .8 33.9s-24.3 9.9-33.9 .8l-176-168z\"\/><\/svg><\/span>Torna alla pagina iniziale<\/a>\n<h1>Gita naturalistica alle saline di Hy\u00e8res &#8211; Var 83 &#8211; Presqu&#8217;\u00eele de Giens<\/h1><p>Conosci le Salins d&#8217;Hy\u00e8res? Non \u00e8 lontano dal tuo campeggio! Ti consigliamo questa bella passeggiata ricca di scoperte. A piedi o in bicicletta, scoprirai i paesaggi delle saline e l&#8217;eccezionale biodiversit\u00e0. Goditi la scoperta!    <\/p><div class=\"columns\"><div class=\"columns__item\" style=\"align-self:center;\"><h2>Posizione geografica delle Salins d&#8217;Hy\u00e8res<\/h2><p>Parliamo ora della sua posizione geografica. Le Salins d&#8217;Hy\u00e8res sono un sito naturale straordinario che \u00e8 stato designato<em>&#8220;zona umida di importanza internazionale<\/em>&#8220;. Comprende due siti:  <\/p><p id=\"https:\/\/acampa-vacances.com\/blog\/la-route-du-sel-une-route-mythique\/\">In primo luogo,<strong> Les Vieux Salins<\/strong>: antiche saline che costeggiano la costa per quasi 3 chilometri a est di Hy\u00e8res (quartiere di Saint-Nicolas).<br\/>Le visite sono gratuite. Poi,<strong>Le Salin des Pesquiers<\/strong> si trova nella parte centrale del doppio tombolo sulla penisola di Giens. Questo sito \u00e8 accessibile solo con <a href=\"https:\/\/paca.lpo.fr\/sorties-nature\/ou-aller\/var\/salins-hyeres\/visite-grand-public#:~:text=D&#039;une%20dur%C3%A9e%20de%202h,au%2004.94.01.09.77.\" rel=\"noopener\">visite guidate<\/a>. Dalla <a href=\"https:\/\/acampa-vacances.com\/it\/blog\/la-via-del-sale-una-strada-mitica\/\" data-type=\"link\" data-id=\"https:\/\/acampa-vacances.com\/blog\/la-route-du-sel-une-route-mythique\/\">Route du Sel<\/a> puoi accedere agli osservatori per il birdwatching.     <\/p><\/div><div class=\"columns__item\"><figure style=\"position:relative;\"><picture><source srcset=\"https:\/\/acampa-vacances.com\/wp-content\/uploads\/2024\/11\/image3-420x313.jpg.webp\" media=\"(max-width: 210px)\"><source srcset=\"https:\/\/acampa-vacances.com\/wp-content\/uploads\/2024\/11\/image3.jpg.webp\" media=\"(max-width: 420px)\"><source srcset=\"https:\/\/acampa-vacances.com\/wp-content\/uploads\/2024\/11\/image3.jpg.webp\" media=\"(max-width: 850px)\"><source srcset=\"https:\/\/acampa-vacances.com\/wp-content\/uploads\/2024\/11\/image3.jpg.webp\" media=\"(max-width: 1024px)\"><source srcset=\"https:\/\/acampa-vacances.com\/wp-content\/uploads\/2024\/11\/image3.jpg.webp\" media=\"(min-width: 1025px)\"><img decoding=\"async\" src=\"https:\/\/acampa-vacances.com\/wp-content\/uploads\/2024\/11\/image3-420x313.jpg.webp\" width=\"420\" height=\"210\" loading=\"lazy\" alt=\"\" title=\"\"><\/picture><figcaption>\u00a9Julien Veyssade \/ Tourisme Provence M\u00e9diterran\u00e9e<\/figcaption><\/figure><\/div><\/div><h2>La biodiversit\u00e0 nel cuore delle saline di Hy\u00e8res<\/h2><p>Nelle zone umide delle Salins d&#8217;Hy\u00e8res vivono molte specie di piante e animali.<\/p><h3>Flora protetta<\/h3><p>Inoltre, le Salins d&#8217;Hy\u00e8res ospitano una variet\u00e0 di ambienti naturali, tra cui stagni, pinete e prati salati. Sono state registrate pi\u00f9 di 300 specie di piante, tra cui il giglio delle sabbie, le orchidee e il panicaut marittimo, che \u00e8 anche l&#8217;emblema del Conservatoire du Littoral. Questi ambienti forniscono un habitat essenziale per molte specie, permettendo alla biodiversit\u00e0 di prosperare. Inoltre, queste zone umide svolgono un ruolo cruciale nella conservazione degli ecosistemi e aiutano a preservare la flora protetta.  <\/p><div class=\"columns\"><div class=\"columns__item\"><figure style=\"position:relative;\"><picture><source srcset=\"https:\/\/acampa-vacances.com\/wp-content\/uploads\/2024\/11\/image4-1-1.png.webp\" media=\"(max-width: 210px)\"><source srcset=\"https:\/\/acampa-vacances.com\/wp-content\/uploads\/2024\/11\/image4-1-1.png.webp\" media=\"(max-width: 420px)\"><source srcset=\"https:\/\/acampa-vacances.com\/wp-content\/uploads\/2024\/11\/image4-1-1.png.webp\" media=\"(max-width: 850px)\"><source srcset=\"https:\/\/acampa-vacances.com\/wp-content\/uploads\/2024\/11\/image4-1-1.png.webp\" media=\"(max-width: 1024px)\"><source srcset=\"https:\/\/acampa-vacances.com\/wp-content\/uploads\/2024\/11\/image4-1-1.png.webp\" media=\"(min-width: 1025px)\"><img decoding=\"async\" src=\"https:\/\/acampa-vacances.com\/wp-content\/uploads\/2024\/11\/image4-1-1.png.webp\" width=\"420\" height=\"210\" style=\"object-fit:cover;\" loading=\"lazy\" alt=\"\" title=\"\"><\/picture><figcaption>\u00a9Arvind Telkar<\/figcaption><\/figure><\/div><div class=\"columns__item\" style=\"align-self:center;\"><h2>Una fauna variegata<\/h2><p>Sono state avvistate pi\u00f9 di 320 specie di uccelli. La star dello spettacolo \u00e8 senza dubbio il fenicottero rosa! <\/p><p>Ci sono anche avocette, cavalieri d&#8217;Italia, passeriformi, rapaci, farfalle, libellule, pipistrelli, ecc.<\/p><p>E naturalmente anguille, orate e sardine&#8230;<\/p><p>Sono disponibili visite guidate alle Saline, clicca <a href=\"https:\/\/paca.lpo.fr\/sorties-nature\/ou-aller\/var\/salins-hyeres\/visite-grand-public#:~:text=D&#039;une%20dur%C3%A9e%20de%202h,au%2004.94.01.09.77.\" rel=\"noopener\">QUI<\/a> per saperne di pi\u00f9.  <\/p><\/div><\/div><p><\/p><h2>Prenota il tuo soggiorno in uno dei nostri campeggi a Giens<\/h2><p>Ci sono cos\u00ec tante passeggiate da fare sulla penisola di Giens, cos\u00ec tanti bei tramonti da vedere, cos\u00ec tanti bei castelli di sabbia da costruire&#8230; \u26f1\ufe0f<\/p><p id=\"https:\/\/acampa-vacances.com\/clairdelune\/accueil\/\">A proposito di vacanze, il <a href=\"https:\/\/acampa-vacances.com\/it\/clairdelune\/benvenuto\/\" data-type=\"link\" data-id=\"https:\/\/acampa-vacances.com\/clairdelune\/accueil\/\">Camping Clair de<\/a> Lune ti promette una vacanza serena. Per la tua piccola famiglia, prenota l&#8217;appartamento <a href=\"https:\/\/acampa-vacances.com\/it\/clairdelune\/alloggio\/\" data-type=\"link\" data-id=\"https:\/\/acampa-vacances.com\/clairdelune\/hebergements\/\">Eucalyptus<\/a>. Ci vediamo sul nostro <a href=\"https:\/\/www.instagram.com\/cotedazur_clairdelune\/?hl=fr\" rel=\"noopener\">Insta<\/a>!  <\/p><p id=\"https:\/\/acampa-vacances.com\/international\/accueil\/\">Se sei alla ricerca di una vacanza sportiva, il <a href=\"https:\/\/acampa-vacances.com\/it\/international\/benvenuto\/\" data-type=\"link\" data-id=\"https:\/\/acampa-vacances.com\/international\/accueil\/\">Camping International<\/a> \u00e8 il posto giusto per te! Sei alla ricerca di una pausa romantica? Goditi la nostra <a href=\"https:\/\/acampa-vacances.com\/it\/international\/alloggio\/\" data-type=\"link\" data-id=\"https:\/\/acampa-vacances.com\/international\/hebergements\/\">casa mobile Twice<\/a>. Se sei una famiglia, la <a href=\"https:\/\/acampa-vacances.com\/it\/international\/alloggio\/\" data-type=\"link\" data-id=\"https:\/\/acampa-vacances.com\/international\/hebergements\/\">casa mobile Bora Bora<\/a> sar\u00e0 perfetta per te. Non dimenticare di visitarci sul nostro account <a href=\"https:\/\/www.instagram.com\/campinginternationalgiens\/?hl=fr\" rel=\"noopener\">Instagram<\/a>    <\/p><p id=\"https:\/\/acampa-vacances.com\/iledor\/accueil\/\"><a href=\"https:\/\/acampa-vacances.com\/it\/iledor\/benvenuto\/\" data-type=\"link\" data-id=\"https:\/\/acampa-vacances.com\/iledor\/accueil\/\">Camping l&#8217;Ile d&#8217;Or<\/a> significa vacanze nella natura! Prenota una <a href=\"https:\/\/acampa-vacances.com\/it\/iledor\/alloggio\/\" data-type=\"link\" data-id=\"https:\/\/acampa-vacances.com\/iledor\/hebergements\/\">casa mobile<\/a> o una piazzola. Vieni a <a href=\"https:\/\/www.instagram.com\/campingiledor_giens\/\" rel=\"noopener\">conoscerci<\/a>!  <\/p><p>Non vediamo l&#8217;ora di vederti su <a href=\"https:\/\/www.facebook.com\/camping.international.de.giens\/\" rel=\"noopener\">Facebook<\/a>!<\/p>","protected":false},"excerpt":{"rendered":"<p>Gita naturalistica alle saline di Hy\u00e8res &#8211; Var 83 &#8211; Presqu&#8217;\u00eele de Giens Conosci le Salins d&#8217;Hy\u00e8res? Non \u00e8 lontano dal tuo campeggio! Ti consigliamo questa bella passeggiata ricca di scoperte. A piedi o in bicicletta, scoprirai i paesaggi delle saline e l&#8217;eccezionale biodiversit\u00e0. Goditi la scoperta! Posizione geografica delle Salins d&#8217;Hy\u00e8res Parliamo ora della [&hellip;]<\/p>\n","protected":false},"featured_media":8709,"menu_order":0,"template":"","format":"standard","meta":{"_acf_changed":false,"footnotes":""},"blog":[58],"acf":[],"_links":{"self":[{"href":"https:\/\/acampa-vacances.com\/it\/wp-json\/wp\/v2\/blog\/13227"}],"collection":[{"href":"https:\/\/acampa-vacances.com\/it\/wp-json\/wp\/v2\/blog"}],"about":[{"href":"https:\/\/acampa-vacances.com\/it\/wp-json\/wp\/v2\/types\/blog"}],"version-history":[{"count":1,"href":"https:\/\/acampa-vacances.com\/it\/wp-json\/wp\/v2\/blog\/13227\/revisions"}],"predecessor-version":[{"id":13229,"href":"https:\/\/acampa-vacances.com\/it\/wp-json\/wp\/v2\/blog\/13227\/revisions\/13229"}],"wp:featuredmedia":[{"embeddable":true,"href":"https:\/\/acampa-vacances.com\/it\/wp-json\/wp\/v2\/media\/8709"}],"wp:attachment":[{"href":"https:\/\/acampa-vacances.com\/it\/wp-json\/wp\/v2\/media?parent=13227"}],"wp:term":[{"taxonomy":"blog","embeddable":true,"href":"https:\/\/acampa-vacances.com\/it\/wp-json\/wp\/v2\/blog?post=13227"}],"curies":[{"name":"wp","href":"https:\/\/api.w.org\/{rel}","templated":true}]}}