{"id":13329,"date":"2024-11-25T12:22:25","date_gmt":"2024-11-25T11:22:25","guid":{"rendered":"https:\/\/acampa-vacances.com\/blog\/les-joyaux-du-var-porquerolles-port-cros-et-le-levant\/"},"modified":"2025-01-29T09:10:36","modified_gmt":"2025-01-29T08:10:36","slug":"i-gioielli-di-var-porquerolles-port-cros-et-levant","status":"publish","type":"blog","link":"https:\/\/acampa-vacances.com\/it\/blog\/i-gioielli-di-var-porquerolles-port-cros-et-levant\/","title":{"rendered":"I gioielli del Var"},"content":{"rendered":"<nav class=\"fildariane\"><a class=\"fildariane__item\" href=\"https:\/\/acampa-vacances.com\/it\/\">Acampa<\/a><span class=\"fc-icon\"><svg xmlns=\"http:\/\/www.w3.org\/2000\/svg\"  viewBox=\"0 0 320 512\" width=\"16px\" height=\"16px\"><!--! Font Awesome Pro 6.4.2 by @fontawesome - https:\/\/fontawesome.com License - https:\/\/fontawesome.com\/license (Commercial License) Copyright 2023 Fonticons, Inc.--><path d=\"M267.3 244.7c6.2 6.2 6.2 16.4 0 22.6l-160 160c-6.2 6.2-16.4 6.2-22.6 0s-6.2-16.4 0-22.6L233.4 256 84.7 107.3c-6.2-6.2-6.2-16.4 0-22.6s16.4-6.2 22.6 0l160 160z\"\/><\/svg><\/span><span class=\"fildariane__item\">I gioielli del Var<\/span><\/nav><a class=\"fildariane__item retour\" href=\"https:\/\/acampa-vacances.com\/it\/\"\"><span class=\"fc-icon\"><svg xmlns=\"http:\/\/www.w3.org\/2000\/svg\"  viewBox=\"0 0 448 512\" width=\"16px\" height=\"16px\"><!--! Font Awesome Pro 6.4.2 by @fontawesome - https:\/\/fontawesome.com License - https:\/\/fontawesome.com\/license (Commercial License) Copyright 2023 Fonticons, Inc.--><path d=\"M7.4 273.4C2.7 268.8 0 262.6 0 256s2.7-12.8 7.4-17.4l176-168c9.6-9.2 24.8-8.8 33.9 .8s8.8 24.8-.8 33.9L83.9 232 424 232c13.3 0 24 10.7 24 24s-10.7 24-24 24L83.9 280 216.6 406.6c9.6 9.2 9.9 24.3 .8 33.9s-24.3 9.9-33.9 .8l-176-168z\"\/><\/svg><\/span>Torna alla pagina iniziale<\/a>\n<h1>I gioielli del Var: Porquerolles, Port Cros e Le Levant (Var 83)<\/h1><div class=\"columns\"><div class=\"columns__item\" style=\"align-self:center;\"><p>L&#8217;arcipelago delle \u00eeles d&#8217;Hy\u00e8res costituisce l&#8217;estremit\u00e0 meridionale della Provenza. Comprende tre isole: Porquerolles, Port-Cros e Le Levant.   <\/p><p>3 isole da sogno che puoi raggiungere senza viaggiare dall&#8217;altra parte del mondo! Sei pronto per il viaggio? <\/p><\/div><div class=\"columns__item\"><figure style=\"position:relative;\"><picture><source srcset=\"https:\/\/acampa-vacances.com\/wp-content\/uploads\/2024\/12\/photo-1-420x332.jpg.webp\" media=\"(max-width: 210px)\"><source srcset=\"https:\/\/acampa-vacances.com\/wp-content\/uploads\/2024\/12\/photo-1.jpg.webp\" media=\"(max-width: 420px)\"><source srcset=\"https:\/\/acampa-vacances.com\/wp-content\/uploads\/2024\/12\/photo-1.jpg.webp\" media=\"(max-width: 850px)\"><source srcset=\"https:\/\/acampa-vacances.com\/wp-content\/uploads\/2024\/12\/photo-1.jpg.webp\" media=\"(max-width: 1024px)\"><source srcset=\"https:\/\/acampa-vacances.com\/wp-content\/uploads\/2024\/12\/photo-1.jpg.webp\" media=\"(min-width: 1025px)\"><img decoding=\"async\" src=\"https:\/\/acampa-vacances.com\/wp-content\/uploads\/2024\/12\/photo-1-420x332.jpg.webp\" width=\"420\" height=\"210\" loading=\"lazy\" alt=\"\" title=\"\"><\/picture><figcaption>Credito fotografico: hyeres.fr<\/figcaption><\/figure><\/div><\/div><div class=\"columns\"><div class=\"columns__item\"><figure style=\"position:relative;\"><picture><source srcset=\"https:\/\/acampa-vacances.com\/wp-content\/uploads\/2024\/12\/photo-3-768x511-1-420x420.jpg.webp\" media=\"(max-width: 210px)\"><source srcset=\"https:\/\/acampa-vacances.com\/wp-content\/uploads\/2024\/12\/photo-3-768x511-1.jpg.webp\" media=\"(max-width: 420px)\"><source srcset=\"https:\/\/acampa-vacances.com\/wp-content\/uploads\/2024\/12\/photo-3-768x511-1.jpg.webp\" media=\"(max-width: 850px)\"><source srcset=\"https:\/\/acampa-vacances.com\/wp-content\/uploads\/2024\/12\/photo-3-768x511-1.jpg.webp\" media=\"(max-width: 1024px)\"><source srcset=\"https:\/\/acampa-vacances.com\/wp-content\/uploads\/2024\/12\/photo-3-768x511-1.jpg.webp\" media=\"(min-width: 1025px)\"><img decoding=\"async\" src=\"https:\/\/acampa-vacances.com\/wp-content\/uploads\/2024\/12\/photo-3-768x511-1-420x420.jpg.webp\" width=\"420\" height=\"210\" style=\"object-fit:cover;\" loading=\"lazy\" alt=\"\" title=\"\"><\/picture><figcaption>Crediti fotografici: Hy\u00e8res tourisme<\/figcaption><\/figure><\/div><div class=\"columns__item\" style=\"align-self:center;\"><h2>Le Levant<\/h2><p>Il naturismo \u00e8 una delle caratteristiche principali dell&#8217;Ile du Levant. Vanta anche un patrimonio naturale ben conservato e una costa incredibile.   <\/p><p>Non tardare a visitare la riserva naturale del Domaine des Arbousiers. Tutto ci\u00f2 che devi fare \u00e8 prendere il bus navetta dal porto di Hy\u00e8res. <\/p><\/div><\/div><div class=\"columns\"><div class=\"columns__item\" style=\"align-self:center;\"><h2>Porquerolles, la perla delle isole di Hy\u00e8res<\/h2><p><br\/>Quest&#8217;isola paradisiaca \u00e8 famosa per le sue spiagge orlate di pini, per il faro di Cap d&#8217;Armes e per i suoi magnifici fondali marini, che ospitano una flora e una fauna ricchissime di colori. Troverai alcune delle spiagge pi\u00f9 belle della Costa Azzurra. L&#8217;acqua \u00e8 eccezionalmente pura. <\/p><\/div><div class=\"columns__item\"><figure style=\"position:relative;\"><picture><source srcset=\"https:\/\/acampa-vacances.com\/wp-content\/uploads\/2024\/12\/canoe-768x576-2-420x420.jpg.webp\" media=\"(max-width: 210px)\"><source srcset=\"https:\/\/acampa-vacances.com\/wp-content\/uploads\/2024\/12\/canoe-768x576-2.jpg.webp\" media=\"(max-width: 420px)\"><source srcset=\"https:\/\/acampa-vacances.com\/wp-content\/uploads\/2024\/12\/canoe-768x576-2.jpg.webp\" media=\"(max-width: 850px)\"><source srcset=\"https:\/\/acampa-vacances.com\/wp-content\/uploads\/2024\/12\/canoe-768x576-2.jpg.webp\" media=\"(max-width: 1024px)\"><source srcset=\"https:\/\/acampa-vacances.com\/wp-content\/uploads\/2024\/12\/canoe-768x576-2.jpg.webp\" media=\"(min-width: 1025px)\"><img decoding=\"async\" src=\"https:\/\/acampa-vacances.com\/wp-content\/uploads\/2024\/12\/canoe-768x576-2-420x420.jpg.webp\" width=\"420\" height=\"210\" style=\"object-fit:cover;\" loading=\"lazy\" alt=\"\" title=\"\"><\/picture><figcaption>Crediti fotografici: Hy\u00e8res tourisme<\/figcaption><\/figure><\/div><\/div><div class=\"columns\"><div class=\"columns__item\"><figure style=\"position:relative;\"><picture><source srcset=\"https:\/\/acampa-vacances.com\/wp-content\/uploads\/2024\/12\/photo-2-768x512-1-420x420.jpg.webp\" media=\"(max-width: 210px)\"><source srcset=\"https:\/\/acampa-vacances.com\/wp-content\/uploads\/2024\/12\/photo-2-768x512-1.jpg.webp\" media=\"(max-width: 420px)\"><source srcset=\"https:\/\/acampa-vacances.com\/wp-content\/uploads\/2024\/12\/photo-2-768x512-1.jpg.webp\" media=\"(max-width: 850px)\"><source srcset=\"https:\/\/acampa-vacances.com\/wp-content\/uploads\/2024\/12\/photo-2-768x512-1.jpg.webp\" media=\"(max-width: 1024px)\"><source srcset=\"https:\/\/acampa-vacances.com\/wp-content\/uploads\/2024\/12\/photo-2-768x512-1.jpg.webp\" media=\"(min-width: 1025px)\"><img decoding=\"async\" src=\"https:\/\/acampa-vacances.com\/wp-content\/uploads\/2024\/12\/photo-2-768x512-1-420x420.jpg.webp\" width=\"420\" height=\"210\" style=\"object-fit:cover;\" loading=\"lazy\" alt=\"\" title=\"\"><\/picture><figcaption>Crediti fotografici: Hy\u00e8res tourisme<\/figcaption><\/figure><\/div><div class=\"columns__item\" style=\"align-self:center;\"><h2>Port Cros, un vero e proprio santuario della natura<\/h2><p><br\/>Port Cros \u00e8 un&#8217;area protetta senza auto n\u00e9 biciclette, la pi\u00f9 incontaminata delle Isole d&#8217;Oro. \u00c8 un vero e proprio cambiamento di scenario! Ci sono 30 km di sentieri per scoprire un ambiente eccezionalmente ricco.  <\/p><p>Le acque color smeraldo sono ricche di pesci e ti faranno venire voglia di esplorare i fondali. Maschera e boccaglio ti saranno utili. Il sentiero subacqueo di Plage de la Palud ti guider\u00e0 nell&#8217;osservazione.  <\/p><\/div><\/div><h2>Prenota il tuo soggiorno in uno dei nostri campeggi partner a Giens<\/h2><p>La Presqu&#8217;\u00eele de Giens \u00e8 il luogo perfetto per trascorrere un&#8217;indimenticabile vacanza al mare.<\/p><p>Situata vicino alle isole di Porquerolles, Port-Cros e Levant, Giens \u00e8 una delle destinazioni pi\u00f9 popolari dell&#8217;estate e offre una vasta gamma di attivit\u00e0!<\/p><h3>Articoli per scoprire altri luoghi da visitare nel Var<\/h3><ul><li><a href=\"https:\/\/acampa-vacances.com\/it\/blog\/i-villaggi-segreti-e-misteriosi-di-var\/\" data-type=\"link\" data-id=\"https:\/\/acampa-vacances.com\/blog\/les-villages-secrets-et-mysterieux-du-var\/\">I villaggi segreti e misteriosi del Var<\/a>\n<\/li><li><a href=\"https:\/\/acampa-vacances.com\/it\/turismo\/il-villaggio-di-correns-uno-dei-villaggi-dimenticati-di-var\/\" data-type=\"link\" data-id=\"https:\/\/acampa-vacances.com\/tourisme\/le-village-de-correns-un-des-villages-oublies-du-var\/\">Il villaggio di Correns, un villaggio dimenticato nel Var<\/a>\n<\/li><li><a href=\"https:\/\/acampa-vacances.com\/it\/turismo\/un-giro-nei-villaggi-dell-haut-var-aups-barjols\/\" data-type=\"link\" data-id=\"https:\/\/acampa-vacances.com\/tourisme\/un-tour-dans-les-villages-du-haut-var-aups-barjols\/\">Una breve deviazione verso due villaggi dell&#8217;Haut Var: Aups e Barjols.<\/a>\n<\/li><\/ul>","protected":false},"excerpt":{"rendered":"<p>I gioielli del Var: Porquerolles, Port Cros e Le Levant (Var 83) L&#8217;arcipelago delle \u00eeles d&#8217;Hy\u00e8res costituisce l&#8217;estremit\u00e0 meridionale della Provenza. Comprende tre isole: Porquerolles, Port-Cros e Le Levant. 3 isole da sogno che puoi raggiungere senza viaggiare dall&#8217;altra parte del mondo! Sei pronto per il viaggio? Le Levant Il naturismo \u00e8 una delle caratteristiche [&hellip;]<\/p>\n","protected":false},"featured_media":10287,"menu_order":0,"template":"","format":"standard","meta":{"_acf_changed":false,"footnotes":""},"blog":[59],"acf":[],"_links":{"self":[{"href":"https:\/\/acampa-vacances.com\/it\/wp-json\/wp\/v2\/blog\/13329"}],"collection":[{"href":"https:\/\/acampa-vacances.com\/it\/wp-json\/wp\/v2\/blog"}],"about":[{"href":"https:\/\/acampa-vacances.com\/it\/wp-json\/wp\/v2\/types\/blog"}],"version-history":[{"count":1,"href":"https:\/\/acampa-vacances.com\/it\/wp-json\/wp\/v2\/blog\/13329\/revisions"}],"predecessor-version":[{"id":13330,"href":"https:\/\/acampa-vacances.com\/it\/wp-json\/wp\/v2\/blog\/13329\/revisions\/13330"}],"wp:featuredmedia":[{"embeddable":true,"href":"https:\/\/acampa-vacances.com\/it\/wp-json\/wp\/v2\/media\/10287"}],"wp:attachment":[{"href":"https:\/\/acampa-vacances.com\/it\/wp-json\/wp\/v2\/media?parent=13329"}],"wp:term":[{"taxonomy":"blog","embeddable":true,"href":"https:\/\/acampa-vacances.com\/it\/wp-json\/wp\/v2\/blog?post=13329"}],"curies":[{"name":"wp","href":"https:\/\/api.w.org\/{rel}","templated":true}]}}