{"id":13415,"date":"2024-11-25T12:22:22","date_gmt":"2024-11-25T11:22:22","guid":{"rendered":"https:\/\/acampa-vacances.com\/blog\/camping-presqu-ile-giens\/"},"modified":"2025-01-29T11:51:33","modified_gmt":"2025-01-29T10:51:33","slug":"campeggio-presqu-ile-giens","status":"publish","type":"blog","link":"https:\/\/acampa-vacances.com\/it\/blog\/campeggio-presqu-ile-giens\/","title":{"rendered":"Campeggio Presqu&#8217;\u00eele de Giens"},"content":{"rendered":"<nav class=\"fildariane\"><a class=\"fildariane__item\" href=\"https:\/\/acampa-vacances.com\/it\/\">Acampa<\/a><span class=\"fc-icon\"><svg xmlns=\"http:\/\/www.w3.org\/2000\/svg\"  viewBox=\"0 0 320 512\" width=\"16px\" height=\"16px\"><!--! Font Awesome Pro 6.4.2 by @fontawesome - https:\/\/fontawesome.com License - https:\/\/fontawesome.com\/license (Commercial License) Copyright 2023 Fonticons, Inc.--><path d=\"M267.3 244.7c6.2 6.2 6.2 16.4 0 22.6l-160 160c-6.2 6.2-16.4 6.2-22.6 0s-6.2-16.4 0-22.6L233.4 256 84.7 107.3c-6.2-6.2-6.2-16.4 0-22.6s16.4-6.2 22.6 0l160 160z\"\/><\/svg><\/span><span class=\"fildariane__item\">Campeggio Presqu&#8217;\u00eele de Giens<\/span><\/nav><a class=\"fildariane__item retour\" href=\"https:\/\/acampa-vacances.com\/it\/\"\"><span class=\"fc-icon\"><svg xmlns=\"http:\/\/www.w3.org\/2000\/svg\"  viewBox=\"0 0 448 512\" width=\"16px\" height=\"16px\"><!--! Font Awesome Pro 6.4.2 by @fontawesome - https:\/\/fontawesome.com License - https:\/\/fontawesome.com\/license (Commercial License) Copyright 2023 Fonticons, Inc.--><path d=\"M7.4 273.4C2.7 268.8 0 262.6 0 256s2.7-12.8 7.4-17.4l176-168c9.6-9.2 24.8-8.8 33.9 .8s8.8 24.8-.8 33.9L83.9 232 424 232c13.3 0 24 10.7 24 24s-10.7 24-24 24L83.9 280 216.6 406.6c9.6 9.2 9.9 24.3 .8 33.9s-24.3 9.9-33.9 .8l-176-168z\"\/><\/svg><\/span>Torna alla pagina iniziale<\/a>\n\n\n<h1>Campeggio Presqu&#8217;\u00eele de Giens<\/h1>\n\n<h2>Le tue vacanze nel campeggio 3 stelle della Presqu&#8217;\u00eele de Giens<\/h2>\n\n<p id=\"https:\/\/acampa-vacances.com\/iledor\/accueil\/\">Vuoi ricaricare le batterie in un luogo che unisce lusso e natura? <a href=\"https:\/\/acampa-vacances.com\/it\/iledor\/benvenuto\/\" data-type=\"link\" data-id=\"https:\/\/acampa-vacances.com\/iledor\/accueil\/\">Il campeggio Ile d&#8217;Or star nel Var<\/a> \u00e8 quello che fa per te. Situato sulla costa orientale della <strong>Presqu&#8217;\u00eele de Giens<\/strong>, troverai <strong>alloggi<\/strong> di qualit\u00e0, <strong>piazzole<\/strong> spaziose e tutti i servizi di cui hai bisogno. Il suo ambiente verdeggiante e la vicinanza al<strong> Mar Mediterraneo<\/strong> ti offrono un completo cambiamento di scenario e una vera pausa dalla frenesia.    <\/p>\n\n<p>Goditi i migliori comfort a un <strong>prezzo<\/strong> pi\u00f9 basso, per un soggiorno eccezionale di una <strong>settimana<\/strong> o pi\u00f9, nel sud della Francia al<strong> campeggio Presqu&#8217;\u00eele de Giens<\/strong>. Ideale per <strong>vacanze in famiglia<\/strong> o con gli amici, goditi questo <strong>campeggio sulla Presqu&#8217;\u00eele de Giens<\/strong>, in un ambiente naturale e <strong>tranquillo<\/strong>. Dopo una <strong>giornata in spiaggia<\/strong>, potrai approfittare dei servizi offerti da questo <strong>campeggio a 3 stelle<\/strong>, tra cui un negozio di alimentari, una panetteria, un bar, un ristorante, la connessione Wi-Fi disponibile e un&#8217;<strong>area giochi per bambini<\/strong> (ping pong, biliardo, beach volley). Una fuga garantita su un&#8217;isola del Var al suono delle cicale in estate.   <\/p>\n\n<div class=\"columns\"><div class=\"columns__item\" style=\"align-self:center;\"><h2>Scopri i nostri alloggi con accesso alla spiaggia<\/h2><p>Per una <strong>vacanza<\/strong> rilassante e rigenerante, il <strong>campeggio sulla penisola di Giens<\/strong> offre <strong>case mobili<\/strong> e <strong>piazzole<\/strong> per soddisfare ogni tua esigenza di comfort. Puoi <a href=\"https:\/\/acampa-vacances.com\/it\/iledor\/alloggio\/\"><strong>prenotare<\/strong> una<strong> casa mobile<\/strong> Loggia <\/a>, Hawa\u00ef, Tahiti o Bali con una terrazza esterna attrezzata con tavolo e sedie da giardino e<strong>un parcheggio per un veicolo.<\/strong> <\/p><ul><li>Le <strong>case mobili in affitto<\/strong> dispongono di <strong>2 camere da letto separate<\/strong>, una con letto matrimoniale e la seconda con due letti singoli. Con una<strong> superficie di 32 m\u00b2, terrazza compresa<\/strong>, possono ospitare facilmente <strong>4\/5 persone<\/strong>. \n<\/li><li>Gli appassionati di <strong>campeggio tradizionale<\/strong> potranno scegliere una <a href=\"https:\/\/acampa-vacances.com\/it\/iledor\/alloggio\/\" data-type=\"iledor\" data-id=\"12968\"><strong>piazzola<\/strong><\/a><strong> per<\/strong> piantare la tenda (5 metri per 4 al massimo) o parcheggiare il <strong>camper <\/strong>(metri al massimo). Le piazzole sono ombreggiate e ideali per rilassarsi. I servizi come i <strong>blocchi sanitari<\/strong> (doccia gratuita) ti permetteranno di sistemarti comodamente.\n<\/li><\/ul><\/div><div class=\"columns__item\"><figure><picture><source srcset=\"https:\/\/acampa-vacances.com\/wp-content\/uploads\/2024\/11\/mh-420x420.jpg.webp\" media=\"(max-width: 210px)\"><source srcset=\"https:\/\/acampa-vacances.com\/wp-content\/uploads\/2024\/11\/mh.jpg.webp\" media=\"(max-width: 420px)\"><source srcset=\"https:\/\/acampa-vacances.com\/wp-content\/uploads\/2024\/11\/mh-768x576.jpg.webp\" media=\"(max-width: 850px)\"><source srcset=\"https:\/\/acampa-vacances.com\/wp-content\/uploads\/2024\/11\/mh.jpg.webp\" media=\"(max-width: 1024px)\"><source srcset=\"https:\/\/acampa-vacances.com\/wp-content\/uploads\/2024\/11\/mh.jpg.webp\" media=\"(min-width: 1025px)\"><img decoding=\"async\" src=\"https:\/\/acampa-vacances.com\/wp-content\/uploads\/2024\/11\/mh-420x420.jpg.webp\" width=\"420\" height=\"210\" loading=\"lazy\" alt=\"\" title=\"\"><\/picture><\/figure><\/div><\/div>\n\n<div class=\"columns\"><div class=\"columns__item\" style=\"align-self:center;\"><figure><picture><source srcset=\"https:\/\/acampa-vacances.com\/wp-content\/uploads\/2024\/11\/mh-420x420.jpg.webp\" media=\"(max-width: 210px)\"><source srcset=\"https:\/\/acampa-vacances.com\/wp-content\/uploads\/2024\/11\/mh.jpg.webp\" media=\"(max-width: 420px)\"><source srcset=\"https:\/\/acampa-vacances.com\/wp-content\/uploads\/2024\/11\/mh-768x576.jpg.webp\" media=\"(max-width: 850px)\"><source srcset=\"https:\/\/acampa-vacances.com\/wp-content\/uploads\/2024\/11\/mh.jpg.webp\" media=\"(max-width: 1024px)\"><source srcset=\"https:\/\/acampa-vacances.com\/wp-content\/uploads\/2024\/11\/mh.jpg.webp\" media=\"(min-width: 1025px)\"><img decoding=\"async\" src=\"https:\/\/acampa-vacances.com\/wp-content\/uploads\/2024\/11\/mh-420x420.jpg.webp\" width=\"420\" height=\"210\" loading=\"lazy\" alt=\"\" title=\"\"><\/picture><\/figure><\/div><div class=\"columns__item\" style=\"align-self:center;\"><h2>Vacanze in riva al mare: le spiagge della penisola di Giens<\/h2><p>Scopri la <strong>Presqu&#8217;\u00eele de Giens soggiornando al campeggio L&#8217;\u00cele d&#8217;Or<\/strong>. Ti aspetta un ambiente naturale selvaggio e mozzafiato. Il <strong>campeggio <\/strong>dispone di una serie di servizi per rendere il tuo <strong>soggiorno<\/strong> il pi\u00f9 piacevole possibile: aree gioco <strong>per bambini<\/strong>, campo da beach volley, ping pong, sala di intrattenimento con TV, calcio balilla e tavolo da biliardo.  <\/p><p>Oltre a queste strutture, il <strong>campeggio sulla penisola di Giens<\/strong> offre anche una vasta gamma di servizi, tra cui un negozio di alimentari, un <strong>ristorante, una pizzeria<\/strong> e un bar, oltre alla <strong>connessione Wi-Fi<\/strong> a pagamento, <strong>accessibile<\/strong> a tutti.<\/p><p id=\"https:\/\/acampa-vacances.com\/blog\/balades-var-2\/\">La <strong>Presqu&#8217;\u00eele de Giens<\/strong> \u00e8 una vera e propria curiosit\u00e0 costiera, situata nel dipartimento del <a href=\"https:\/\/acampa-vacances.com\/it\/blog\/cammina-var-2\/\" data-type=\"link\" data-id=\"https:\/\/acampa-vacances.com\/blog\/balades-var-2\/\">Var in riva al mare<\/a>. Goditi i piaceri del mare grazie a una ventina di spiagge, le pi\u00f9 popolari delle quali sono : <\/p><ul><li><strong>Spiaggia di La Badine <\/strong>sulla costa orientale, a 400 metri dal campeggio\n<\/li><li>La <strong>spiaggia di<\/strong> La <strong>Bergerie <\/strong>sulla costa orientale, con accesso PRM\n<\/li><li>la <strong>spiaggia di Pesquiers<\/strong> sulla costa orientale\n<\/li><li>La <strong>spiaggia di l&#8217;Almanarre<\/strong>, sulla costa occidentale, \u00e8 un luogo popolare per gli amanti del windsurf e del kitesurf.\n<\/li><li><strong> spiagge di l&#8217;ayguade e Salins<\/strong>\n<\/li><li>le <strong>spiagge di Porquerolles, un<\/strong> vero e proprio paradiso\n<\/li><li>le <strong>spiagge di Notre Dame<\/strong> e la <strong>Courtade<\/strong>, o quelle di <strong>Argent<\/strong> e du<strong> Langoustier<\/strong>&#8230;\n<\/li><\/ul><\/div><\/div>\n\n<div class=\"columns\"><div class=\"columns__item\" style=\"align-self:center;\"><h2>Attivit\u00e0 sulla Presqu&#8217;\u00eele de Giens<\/h2><p id=\"https:\/\/acampa-vacances.com\/tourisme\/tourisme-sur-la-presquile-de-giens\/\">La<a href=\"https:\/\/acampa-vacances.com\/it\/turismo\/turismo-sul-presquile-de-giens\/\" data-type=\"link\" data-id=\"https:\/\/acampa-vacances.com\/tourisme\/tourisme-sur-la-presquile-de-giens\/\"><strong> Presqu&#8217;\u00eele de Giens<\/strong><\/a> \u00e8 una tappa imperdibile durante le tue <strong>vacanze<\/strong> nella regione <strong>Provenza Alpi Costa Azzurra<\/strong> in un <strong>campeggio sulla penisola di Giens<\/strong>. \u00c8 collegata a Hy\u00e8res da un doppio tombolo che comprende la salina e l&#8217;Etang des Pesquiers. Quest&#8217;ultimo ospita una riserva ornitologica popolata da uccelli migratori.  <\/p><p>Scopri il suo <strong>affascinante villaggio provenzale e Le Niel<\/strong>, un <strong>porto<\/strong> pittoresco e tradizionale. Immergiti nell&#8217;atmosfera del <strong>Mar Mediterraneo<\/strong> mentre visiti il susseguirsi di coste selvagge, insenature, spiagge e pinete. <\/p><p id=\"12338\">Con la sua lunga<strong> spiaggia sabbiosa<\/strong> e i venti costanti, \u00e8 perfetta per tutti gli sport <strong>acquatici<\/strong>. La baia di l&#8217;Almanarre, in particolare, \u00e8 un luogo popolare per <a href=\"https:\/\/acampa-vacances.com\/it\/attivita-da-fare-in-giens\/\" data-type=\"page\" data-id=\"12338\">il windsurf, il kitesurf e le immersioni<\/a>: scuole come Le <a href=\"https:\/\/spinout.fr\/\" target=\"_blank\" rel=\"noreferrer noopener\">Spinout<\/a>, <a href=\"https:\/\/kitesurfhyeres.com\/\" target=\"_blank\" rel=\"noreferrer noopener\">KGG<\/a> e <a href=\"https:\/\/divingiens.fr\/\" target=\"_blank\" rel=\"noreferrer noopener\">Divin&#8217;Giens<\/a> offrono corsi per principianti e avanzati. Puoi anche cimentarti nella pesca in uno dei <a href=\"https:\/\/acampa-vacances.com\/it\/blog\/4-punti-di-pesca-intorno-al-giens-presquile\/\" data-type=\"link\" data-id=\"https:\/\/acampa-vacances.com\/blog\/4-spots-de-peche-autour-de-la-presquile-de-giens\/\">4 punti di pesca intorno alla Presqu&#8217;\u00eele de Giens<\/a>. <strong>La spiaggia di La Capte<\/strong> \u00e8 idealmente riparata dal Mistral, quindi puoi goderti una nuotata in famiglia nelle acque poco profonde.<\/p><\/div><div class=\"columns__item\" style=\"align-self:center;\"><figure><picture><source srcset=\"https:\/\/acampa-vacances.com\/wp-content\/uploads\/2024\/11\/giens-420x420.jpg.webp\" media=\"(max-width: 210px)\"><source srcset=\"https:\/\/acampa-vacances.com\/wp-content\/uploads\/2024\/11\/giens.jpg.webp\" media=\"(max-width: 420px)\"><source srcset=\"https:\/\/acampa-vacances.com\/wp-content\/uploads\/2024\/11\/giens.jpg.webp\" media=\"(max-width: 850px)\"><source srcset=\"https:\/\/acampa-vacances.com\/wp-content\/uploads\/2024\/11\/giens.jpg.webp\" media=\"(max-width: 1024px)\"><source srcset=\"https:\/\/acampa-vacances.com\/wp-content\/uploads\/2024\/11\/giens.jpg.webp\" media=\"(min-width: 1025px)\"><img decoding=\"async\" src=\"https:\/\/acampa-vacances.com\/wp-content\/uploads\/2024\/11\/giens-420x420.jpg.webp\" width=\"420\" height=\"210\" loading=\"lazy\" alt=\"\" title=\"\"><\/picture><\/figure><\/div><\/div>\n\n<p id=\"https:\/\/acampa-vacances.com\/hiver-automne\/la-presquile-de-giens-en-hiver-dans-le-var\/\">Leggi i nostri consigli sulle <a href=\"https:\/\/acampa-vacances.com\/it\/inverno-autunno\/il-giens-presquile-in-inverno-nel-var\/\" data-type=\"link\" data-id=\"https:\/\/acampa-vacances.com\/hiver-automne\/la-presquile-de-giens-en-hiver-dans-le-var\/\">attivit\u00e0 invernali nella Presqu&#8217;\u00eele de Giens<\/a>.<\/p>","protected":false},"excerpt":{"rendered":"<p>Campeggio Presqu&#8217;\u00eele de Giens Le tue vacanze nel campeggio 3 stelle della Presqu&#8217;\u00eele de Giens Vuoi ricaricare le batterie in un luogo che unisce lusso e natura? Il campeggio Ile d&#8217;Or star nel Var \u00e8 quello che fa per te. Situato sulla costa orientale della Presqu&#8217;\u00eele de Giens, troverai alloggi di qualit\u00e0, piazzole spaziose e [&hellip;]<\/p>\n","protected":false},"featured_media":3784,"menu_order":0,"template":"","format":"standard","meta":{"_acf_changed":false,"footnotes":""},"blog":[56],"acf":[],"_links":{"self":[{"href":"https:\/\/acampa-vacances.com\/it\/wp-json\/wp\/v2\/blog\/13415"}],"collection":[{"href":"https:\/\/acampa-vacances.com\/it\/wp-json\/wp\/v2\/blog"}],"about":[{"href":"https:\/\/acampa-vacances.com\/it\/wp-json\/wp\/v2\/types\/blog"}],"version-history":[{"count":4,"href":"https:\/\/acampa-vacances.com\/it\/wp-json\/wp\/v2\/blog\/13415\/revisions"}],"predecessor-version":[{"id":13866,"href":"https:\/\/acampa-vacances.com\/it\/wp-json\/wp\/v2\/blog\/13415\/revisions\/13866"}],"wp:featuredmedia":[{"embeddable":true,"href":"https:\/\/acampa-vacances.com\/it\/wp-json\/wp\/v2\/media\/3784"}],"wp:attachment":[{"href":"https:\/\/acampa-vacances.com\/it\/wp-json\/wp\/v2\/media?parent=13415"}],"wp:term":[{"taxonomy":"blog","embeddable":true,"href":"https:\/\/acampa-vacances.com\/it\/wp-json\/wp\/v2\/blog?post=13415"}],"curies":[{"name":"wp","href":"https:\/\/api.w.org\/{rel}","templated":true}]}}