{"id":13470,"date":"2024-11-25T12:22:24","date_gmt":"2024-11-25T11:22:24","guid":{"rendered":"https:\/\/acampa-vacances.com\/blog\/decouvrez-la-route-du-mimosa\/"},"modified":"2025-01-31T13:58:02","modified_gmt":"2025-01-31T12:58:02","slug":"scopri-il-percorso-delle-mimose","status":"publish","type":"blog","link":"https:\/\/acampa-vacances.com\/it\/blog\/scopri-il-percorso-delle-mimose\/","title":{"rendered":"Scopri il Percorso Mimosa"},"content":{"rendered":"<nav class=\"fildariane\"><a class=\"fildariane__item\" href=\"https:\/\/acampa-vacances.com\/it\/\">Acampa<\/a><span class=\"fc-icon\"><svg xmlns=\"http:\/\/www.w3.org\/2000\/svg\"  viewBox=\"0 0 320 512\" width=\"16px\" height=\"16px\"><!--! Font Awesome Pro 6.4.2 by @fontawesome - https:\/\/fontawesome.com License - https:\/\/fontawesome.com\/license (Commercial License) Copyright 2023 Fonticons, Inc.--><path d=\"M267.3 244.7c6.2 6.2 6.2 16.4 0 22.6l-160 160c-6.2 6.2-16.4 6.2-22.6 0s-6.2-16.4 0-22.6L233.4 256 84.7 107.3c-6.2-6.2-6.2-16.4 0-22.6s16.4-6.2 22.6 0l160 160z\"\/><\/svg><\/span><span class=\"fildariane__item\">Scopri il Percorso Mimosa<\/span><\/nav><a class=\"fildariane__item retour\" href=\"https:\/\/acampa-vacances.com\/it\/\"\"><span class=\"fc-icon\"><svg xmlns=\"http:\/\/www.w3.org\/2000\/svg\"  viewBox=\"0 0 448 512\" width=\"16px\" height=\"16px\"><!--! Font Awesome Pro 6.4.2 by @fontawesome - https:\/\/fontawesome.com License - https:\/\/fontawesome.com\/license (Commercial License) Copyright 2023 Fonticons, Inc.--><path d=\"M7.4 273.4C2.7 268.8 0 262.6 0 256s2.7-12.8 7.4-17.4l176-168c9.6-9.2 24.8-8.8 33.9 .8s8.8 24.8-.8 33.9L83.9 232 424 232c13.3 0 24 10.7 24 24s-10.7 24-24 24L83.9 280 216.6 406.6c9.6 9.2 9.9 24.3 .8 33.9s-24.3 9.9-33.9 .8l-176-168z\"\/><\/svg><\/span>Torna alla pagina iniziale<\/a>\n\n\n<h1>Scopri il Percorso Mimosa<\/h1>\n\n<p>Da gennaio a marzo compaiono i pompon gialli. Illuminano le nostre strade, le colline e le aiuole. Hai indovinato, la mimosa \u00e8 sotto i riflettori, un fiore dal profumo inebriante e dalla consistenza lanuginosa. Approfitta del tuo soggiorno in campeggio per scoprire la Strada delle Mimose. Segui la guida!\u2600\ufe0f<\/p>\n\n<div class=\"columns\"><div class=\"columns__item\" style=\"align-self:center;\"><h2>Scopri il bel fiore di Giens (Var 83)<\/h2><p>Nel cuore dell&#8217;inverno, la mimosa fiorisce lungo i bordi delle nostre strade e ricopre d&#8217;oro le nostre colline e le aiuole della Costa Azzurra. Le sue piccole sfere cotonose emanano una dolcezza polverosa e inebriante. La mimosa \u00e8 il tesoro della Costa Azzurra ed \u00e8 persino diventata un emblema per gli abitanti di Bormes-les-Mimosas, un villaggio molto vicino al campeggio: sar\u00e0 onorata durante la <strong>sfilata dei fiori del 19 febbraio 2023<\/strong>.  <\/p><p>Da non perdere!<\/p><\/div><div class=\"columns__item\"><figure style=\"position:relative;\"><picture><source srcset=\"https:\/\/acampa-vacances.com\/wp-content\/uploads\/2024\/12\/image1-4-320x420.jpg.webp\" media=\"(max-width: 210px)\"><source srcset=\"https:\/\/acampa-vacances.com\/wp-content\/uploads\/2024\/12\/image1-4.jpg.webp\" media=\"(max-width: 420px)\"><source srcset=\"https:\/\/acampa-vacances.com\/wp-content\/uploads\/2024\/12\/image1-4.jpg.webp\" media=\"(max-width: 850px)\"><source srcset=\"https:\/\/acampa-vacances.com\/wp-content\/uploads\/2024\/12\/image1-4.jpg.webp\" media=\"(max-width: 1024px)\"><source srcset=\"https:\/\/acampa-vacances.com\/wp-content\/uploads\/2024\/12\/image1-4.jpg.webp\" media=\"(min-width: 1025px)\"><img decoding=\"async\" src=\"https:\/\/acampa-vacances.com\/wp-content\/uploads\/2024\/12\/image1-4-320x420.jpg.webp\" width=\"420\" height=\"210\" loading=\"lazy\" alt=\"\" title=\"\"><\/picture><figcaption>Julien Veyssade\/Tourisme Provence M\u00e9diterran\u00e9e<\/figcaption><\/figure><\/div><\/div>\n\n<div class=\"columns\"><div class=\"columns__item\"><figure style=\"position:relative;\"><picture><source srcset=\"https:\/\/acampa-vacances.com\/wp-content\/uploads\/2024\/12\/image1-4-320x420.jpg.webp\" media=\"(max-width: 210px)\"><source srcset=\"https:\/\/acampa-vacances.com\/wp-content\/uploads\/2024\/12\/image1-4.jpg.webp\" media=\"(max-width: 420px)\"><source srcset=\"https:\/\/acampa-vacances.com\/wp-content\/uploads\/2024\/12\/image1-4.jpg.webp\" media=\"(max-width: 850px)\"><source srcset=\"https:\/\/acampa-vacances.com\/wp-content\/uploads\/2024\/12\/image1-4.jpg.webp\" media=\"(max-width: 1024px)\"><source srcset=\"https:\/\/acampa-vacances.com\/wp-content\/uploads\/2024\/12\/image1-4.jpg.webp\" media=\"(min-width: 1025px)\"><img decoding=\"async\" src=\"https:\/\/acampa-vacances.com\/wp-content\/uploads\/2024\/12\/image1-4-320x420.jpg.webp\" width=\"420\" height=\"210\" loading=\"lazy\" alt=\"\" title=\"\"><\/picture><figcaption>Julien Veyssade\/Tourisme Provence M\u00e9diterran\u00e9e<\/figcaption><\/figure><\/div><div class=\"columns__item\" style=\"align-self:center;\"><h2>Una passeggiata in 8 fasi<\/h2><p>La Route du Mimosa si estende per oltre 130 km e offre una moltitudine di scoperte \u2728<\/p><p>\ud83d\udccd<strong>Bormes-les-Mimosas<\/strong> e le sue 90 specie di mimose<\/p><p>\ud83d\udccd<strong>Rayol-Canadel-sur-Mer<\/strong> e la sua vista mozzafiato sulle \u00celes d&#8217;Or<\/p><p>\ud83d\udccd<strong>Sainte-Maxime<\/strong> e il suo rifugio di pace, la Pointe des Sardinaux<\/p><p>\ud83d\udccdNon perdere <strong>Saint-Rapha\u00ebl<\/strong>, una localit\u00e0 classificata alle porte del Massiccio dell&#8217;Est\u00e9rel.<\/p><p>\ud83d\udccdPoi ti dirigerai verso <strong>Mandelieu-la-Napoule<\/strong> e la pi\u00f9 grande foresta di mimose d&#8217;Europa.<\/p><p>\ud83d\udccd<strong>Tanneron<\/strong> e i suoi incantevoli boschi di mimose coltivate e selvatiche<\/p><p>\ud83d\udccd<strong>Pegomas<\/strong> ti offre una bellissima passeggiata attraverso i suoi boschi di querce da sughero, pini e mimose.<\/p><p>\ud83d\udccdInfine, sarebbe un peccato non fermarsi a <strong>Grasse<\/strong>, la capitale mondiale del profumo, che celebra la mimosa e molti altri tesori locali.<\/p><\/div><\/div>\n\n<h2>Prenota la tua prossima vacanza in uno dei nostri campeggi a Giens<\/h2>\n\n<p>Approfitta del clima mite della Costa Azzurra e dell&#8217;ambiente idilliaco dei nostri campeggi per concederti una parentesi di sole e profumi.<\/p>\n\n<p id=\"https:\/\/acampa-vacances.com\/clairdelune\/accueil\/\">Cerchi pace e tranquillit\u00e0? Il <a href=\"https:\/\/acampa-vacances.com\/it\/clairdelune\/benvenuto\/\" data-type=\"link\" data-id=\"https:\/\/acampa-vacances.com\/clairdelune\/accueil\/\">Camping Clair de<\/a> Lune offre alloggi in affitto con o senza spa, oltre a sistemazioni insolite. <\/p>\n\n<p id=\"https:\/\/acampa-vacances.com\/international\/accueil\/\">Sei pi\u00f9 sportivo? Prenota al <a href=\"https:\/\/acampa-vacances.com\/de\/international\/willkommen\/\" data-type=\"link\" data-id=\"https:\/\/acampa-vacances.com\/international\/accueil\/\">Camping International<\/a> e approfitta delle sue <a href=\"https:\/\/acampa-vacances.com\/it\/international\/alloggio\/\" data-type=\"international\" data-id=\"13044\">ampie piazzole<\/a> e dei suoi affitti.<\/p>\n\n<p id=\"https:\/\/acampa-vacances.com\/iledor\/accueil\/\">La natura ti chiama? Benvenuto al <a href=\"https:\/\/acampa-vacances.com\/it\/iledor\/benvenuto\/\" data-type=\"link\" data-id=\"https:\/\/acampa-vacances.com\/iledor\/accueil\/\">Camping l&#8217;Ile d&#8217;Or<\/a>! <\/p>\n\n<h3>Altri articoli che ti aiuteranno a prepararti per il tuo soggiorno nel Var<\/h3>\n\n<ul><li><a href=\"https:\/\/acampa-vacances.com\/it\/blog\/scopri-tre-birre-artigianali-prodotte-nel-var\/\" data-type=\"link\" data-id=\"https:\/\/acampa-vacances.com\/blog\/decouvrez-trois-bieres-artisanales-brassees-dans-le-var\/\">Sulle tracce della birra<\/a>\n<\/li><\/ul>","protected":false},"excerpt":{"rendered":"<p>Scopri il Percorso Mimosa Da gennaio a marzo compaiono i pompon gialli. Illuminano le nostre strade, le colline e le aiuole. Hai indovinato, la mimosa \u00e8 sotto i riflettori, un fiore dal profumo inebriante e dalla consistenza lanuginosa. Approfitta del tuo soggiorno in campeggio per scoprire la Strada delle Mimose. Segui la guida!\u2600\ufe0f Scopri il [&hellip;]<\/p>\n","protected":false},"featured_media":8804,"menu_order":0,"template":"","format":"standard","meta":{"_acf_changed":false,"footnotes":""},"blog":[58],"acf":[],"_links":{"self":[{"href":"https:\/\/acampa-vacances.com\/it\/wp-json\/wp\/v2\/blog\/13470"}],"collection":[{"href":"https:\/\/acampa-vacances.com\/it\/wp-json\/wp\/v2\/blog"}],"about":[{"href":"https:\/\/acampa-vacances.com\/it\/wp-json\/wp\/v2\/types\/blog"}],"version-history":[{"count":2,"href":"https:\/\/acampa-vacances.com\/it\/wp-json\/wp\/v2\/blog\/13470\/revisions"}],"predecessor-version":[{"id":14115,"href":"https:\/\/acampa-vacances.com\/it\/wp-json\/wp\/v2\/blog\/13470\/revisions\/14115"}],"wp:featuredmedia":[{"embeddable":true,"href":"https:\/\/acampa-vacances.com\/it\/wp-json\/wp\/v2\/media\/8804"}],"wp:attachment":[{"href":"https:\/\/acampa-vacances.com\/it\/wp-json\/wp\/v2\/media?parent=13470"}],"wp:term":[{"taxonomy":"blog","embeddable":true,"href":"https:\/\/acampa-vacances.com\/it\/wp-json\/wp\/v2\/blog?post=13470"}],"curies":[{"name":"wp","href":"https:\/\/api.w.org\/{rel}","templated":true}]}}