{"id":13473,"date":"2024-11-25T12:22:24","date_gmt":"2024-11-25T11:22:24","guid":{"rendered":"https:\/\/acampa-vacances.com\/blog\/la-lavande-de-provence\/"},"modified":"2025-01-29T09:10:52","modified_gmt":"2025-01-29T08:10:52","slug":"lavanda-di-provenza","status":"publish","type":"blog","link":"https:\/\/acampa-vacances.com\/it\/blog\/lavanda-di-provenza\/","title":{"rendered":"Lavanda di Provenza"},"content":{"rendered":"<nav class=\"fildariane\"><a class=\"fildariane__item\" href=\"https:\/\/acampa-vacances.com\/it\/\">Acampa<\/a><span class=\"fc-icon\"><svg xmlns=\"http:\/\/www.w3.org\/2000\/svg\"  viewBox=\"0 0 320 512\" width=\"16px\" height=\"16px\"><!--! Font Awesome Pro 6.4.2 by @fontawesome - https:\/\/fontawesome.com License - https:\/\/fontawesome.com\/license (Commercial License) Copyright 2023 Fonticons, Inc.--><path d=\"M267.3 244.7c6.2 6.2 6.2 16.4 0 22.6l-160 160c-6.2 6.2-16.4 6.2-22.6 0s-6.2-16.4 0-22.6L233.4 256 84.7 107.3c-6.2-6.2-6.2-16.4 0-22.6s16.4-6.2 22.6 0l160 160z\"\/><\/svg><\/span><span class=\"fildariane__item\">Lavanda di Provenza<\/span><\/nav><a class=\"fildariane__item retour\" href=\"https:\/\/acampa-vacances.com\/it\/\"\"><span class=\"fc-icon\"><svg xmlns=\"http:\/\/www.w3.org\/2000\/svg\"  viewBox=\"0 0 448 512\" width=\"16px\" height=\"16px\"><!--! Font Awesome Pro 6.4.2 by @fontawesome - https:\/\/fontawesome.com License - https:\/\/fontawesome.com\/license (Commercial License) Copyright 2023 Fonticons, Inc.--><path d=\"M7.4 273.4C2.7 268.8 0 262.6 0 256s2.7-12.8 7.4-17.4l176-168c9.6-9.2 24.8-8.8 33.9 .8s8.8 24.8-.8 33.9L83.9 232 424 232c13.3 0 24 10.7 24 24s-10.7 24-24 24L83.9 280 216.6 406.6c9.6 9.2 9.9 24.3 .8 33.9s-24.3 9.9-33.9 .8l-176-168z\"\/><\/svg><\/span>Torna alla pagina iniziale<\/a>\n<h1>Lavanda di Provenza<\/h1><div class=\"columns\"><div class=\"columns__item\"><figure style=\"position:relative;\"><picture><source srcset=\"https:\/\/acampa-vacances.com\/wp-content\/uploads\/2024\/12\/champ_de_lavande.jpg.webp\" media=\"(max-width: 210px)\"><source srcset=\"https:\/\/acampa-vacances.com\/wp-content\/uploads\/2024\/12\/champ_de_lavande.jpg.webp\" media=\"(max-width: 420px)\"><source srcset=\"https:\/\/acampa-vacances.com\/wp-content\/uploads\/2024\/12\/champ_de_lavande.jpg.webp\" media=\"(max-width: 850px)\"><source srcset=\"https:\/\/acampa-vacances.com\/wp-content\/uploads\/2024\/12\/champ_de_lavande.jpg.webp\" media=\"(max-width: 1024px)\"><source srcset=\"https:\/\/acampa-vacances.com\/wp-content\/uploads\/2024\/12\/champ_de_lavande.jpg.webp\" media=\"(min-width: 1025px)\"><img decoding=\"async\" src=\"https:\/\/acampa-vacances.com\/wp-content\/uploads\/2024\/12\/champ_de_lavande.jpg.webp\" width=\"420\" height=\"210\" loading=\"lazy\" alt=\"\" title=\"\"><\/picture><figcaption>Credito fotografico: Hy\u00e8res-tourisme<\/figcaption><\/figure><\/div><div class=\"columns__item\" style=\"align-self:center;\"><p>Se sul tuo cammino vedi una vasta distesa di campi color malva, sei nella <strong>terra della lavanda<\/strong>, ovvero in <strong>Provenza<\/strong>.<br\/>La coltivazione e la distillazione della lavanda e del lavandino sono parte integrante del paesaggio dell&#8217;Alta Provenza. Per realizzare delle belle foto ricordo, \u00e8 meglio visitarla durante la stagione della fioritura, tra met\u00e0 giugno e fine agosto, a seconda della localit\u00e0.<br\/>Una vacanza in Provenza promette di essere memorabile: potrai fuggire attraverso paesaggi favolosi e godere dei profumi che contraddistinguono la regione. Devi approfittarne prima del raccolto!<strong>La lavanda viene<\/strong> raccolta dalla seconda met\u00e0 di luglio, soprattutto sull&#8217;altopiano di Valensole, fino alla fine di agosto nella regione di Forcalquier.  <\/p><\/div><\/div><h2>Lavanda o lavandino, qual \u00e8 la differenza?<\/h2><p><br\/>Sai distinguere la <strong>lavanda<\/strong> dalla <strong>lavandina<\/strong> provenzale? La Lavandula angustifolia \u00e8<strong>la<\/strong> vera <strong>lavanda<\/strong> pi\u00f9 pregiata. \u00c8 la pi\u00f9 nobile di tutte perch\u00e9 produce un olio essenziale di alta qualit\u00e0. Si distingue per i suoi lunghi rami con un&#8217;unica spiga di fiori, che assomigliano a cespugli alti fino a 1 metro.<br\/>Cresce quasi esclusivamente sui pendii delle montagne della Provenza, ad un&#8217;altitudine compresa tra i 500 e i 1.500 metri. La lavanda \u00e8 un ibrido tra la<strong>lavanda vera<\/strong> e la <strong>lavanda a spiga<\/strong>. Cresce rapidamente in un ambiente naturale, ma pu\u00f2 anche essere coltivata. Con il suo ramo di tre spighe, \u00e8 molto pi\u00f9 imponente della <strong>lavanda vera<\/strong>. La resa \u00e8 quattro volte superiore a quella della lavanda vera.      <\/p><div class=\"columns\"><div class=\"columns__item\" style=\"align-self:center;\"><h2>La lavanda pu\u00f2 essere utilizzata in molti modi<\/h2><p>La <strong>lavanda<\/strong> ha il vantaggio di essere multiuso. Viene utilizzata in profumeria e in prodotti di uso quotidiano come saponi e detersivi. Fa miracoli anche nell&#8217;aromaterapia per le sue propriet\u00e0 di vasta portata.<br\/>Combatte l&#8217;insonnia, il mal di testa, le ferite, le scottature, le punture d&#8217;insetto, il mal di gola, i dolori, ecc. Una volta conosciuti i suoi diversi benefici, non esiterai ad adottarla quotidianamente e a metterla in borsa.   <\/p><\/div><div class=\"columns__item\"><figure style=\"position:relative;\"><picture><source srcset=\"https:\/\/acampa-vacances.com\/wp-content\/uploads\/2024\/12\/lavande4_s.jpg.webp\" media=\"(max-width: 210px)\"><source srcset=\"https:\/\/acampa-vacances.com\/wp-content\/uploads\/2024\/12\/lavande4_s.jpg.webp\" media=\"(max-width: 420px)\"><source srcset=\"https:\/\/acampa-vacances.com\/wp-content\/uploads\/2024\/12\/lavande4_s.jpg.webp\" media=\"(max-width: 850px)\"><source srcset=\"https:\/\/acampa-vacances.com\/wp-content\/uploads\/2024\/12\/lavande4_s.jpg.webp\" media=\"(max-width: 1024px)\"><source srcset=\"https:\/\/acampa-vacances.com\/wp-content\/uploads\/2024\/12\/lavande4_s.jpg.webp\" media=\"(min-width: 1025px)\"><img decoding=\"async\" src=\"https:\/\/acampa-vacances.com\/wp-content\/uploads\/2024\/12\/lavande4_s.jpg.webp\" width=\"420\" height=\"210\" loading=\"lazy\" alt=\"\" title=\"\"><\/picture><figcaption>Credito fotografico: Hy\u00e8res-tourisme<\/figcaption><\/figure><\/div><\/div><h2>Festival estivi della lavanda<\/h2><p>Durante la raccolta della lavanda, in luglio e agosto, si tengono numerosi festival in diversi comuni del dipartimento. Distillazione, visite alle distillerie e ai campi di lavanda e prodotti sono solo alcune delle cose che puoi fare in loco. Produttori e distillatori ti racconteranno tutti i segreti della distillazione.  <\/p><ul><li>Valensolex: tour in bicicletta tra lavanda e mandorleti a giugno,\n<\/li><li>Festa della lavanda a Valensole nel mese di luglio,\n<\/li><li>Sfilata di lavanda a Digne-les-Bains il primo fine settimana di agosto,\n<\/li><li>Festa della lavanda a Saint-Geniez in agosto,\n<\/li><li>Fiera della lavanda a Digne-les-Bains alla fine di agosto,\n<\/li><li>Giornate provenzali a Saint-Andr\u00e9-les-Alpes da settembre,\n<\/li><\/ul><h2>Scopri gli itinerari della lavanda<\/h2><p>Per sfruttare al meglio i numerosi benefici di questo fiore, perch\u00e9 non fare una gita lungo gli <a href=\"https:\/\/routes-lavande.com\/\" target=\"_blank\" rel=\"noreferrer noopener\"><strong>i percorsi della lavanda<\/strong><\/a><br\/>In auto, in camper, a piedi o in moto, o anche in bicicletta, per la precisione con biciclette a pedalata assistita, le Vie della Lavanda offrono diversi itinerari per attraversare paesaggi cos\u00ec diversi e incontrare i produttori.<br\/><strong>Le Vie della Lavanda<\/strong> si estendono dalla Dr\u00f4me alle Alpi Marittime, passando per le Hautes-Alpes, la Vaucluse e le Alpes de Haute-Provence.<br\/>Questo lungo percorso ti racconter\u00e0 la storia, la memoria, il know-how e l&#8217;economia di questa pianta cos\u00ec caratteristica della Provenza e conosciuta in tutto il mondo nel corso dei secoli. Se vuoi saperne di pi\u00f9 sui festival estivi, sui siti di distillazione, sulle visite ai laboratori, ecc. visita il sito web delle Routes de la lavande. <\/p>","protected":false},"excerpt":{"rendered":"<p>Lavanda di Provenza Se sul tuo cammino vedi una vasta distesa di campi color malva, sei nella terra della lavanda, ovvero in Provenza.La coltivazione e la distillazione della lavanda e del lavandino sono parte integrante del paesaggio dell&#8217;Alta Provenza. Per realizzare delle belle foto ricordo, \u00e8 meglio visitarla durante la stagione della fioritura, tra met\u00e0 [&hellip;]<\/p>\n","protected":false},"featured_media":9135,"menu_order":0,"template":"","format":"standard","meta":{"_acf_changed":false,"footnotes":""},"blog":[58],"acf":[],"_links":{"self":[{"href":"https:\/\/acampa-vacances.com\/it\/wp-json\/wp\/v2\/blog\/13473"}],"collection":[{"href":"https:\/\/acampa-vacances.com\/it\/wp-json\/wp\/v2\/blog"}],"about":[{"href":"https:\/\/acampa-vacances.com\/it\/wp-json\/wp\/v2\/types\/blog"}],"version-history":[{"count":1,"href":"https:\/\/acampa-vacances.com\/it\/wp-json\/wp\/v2\/blog\/13473\/revisions"}],"predecessor-version":[{"id":13475,"href":"https:\/\/acampa-vacances.com\/it\/wp-json\/wp\/v2\/blog\/13473\/revisions\/13475"}],"wp:featuredmedia":[{"embeddable":true,"href":"https:\/\/acampa-vacances.com\/it\/wp-json\/wp\/v2\/media\/9135"}],"wp:attachment":[{"href":"https:\/\/acampa-vacances.com\/it\/wp-json\/wp\/v2\/media?parent=13473"}],"wp:term":[{"taxonomy":"blog","embeddable":true,"href":"https:\/\/acampa-vacances.com\/it\/wp-json\/wp\/v2\/blog?post=13473"}],"curies":[{"name":"wp","href":"https:\/\/api.w.org\/{rel}","templated":true}]}}