{"id":13501,"date":"2024-11-25T12:22:24","date_gmt":"2024-11-25T11:22:24","guid":{"rendered":"https:\/\/acampa-vacances.com\/blog\/decouverte-de-la-nature-hyeroise-depuis-votre-camping-var-83\/"},"modified":"2025-01-30T16:02:54","modified_gmt":"2025-01-30T15:02:54","slug":"scoperta-della-natura-hyeroise-dal-vostro-campeggio-var-83","status":"publish","type":"blog","link":"https:\/\/acampa-vacances.com\/it\/blog\/scoperta-della-natura-hyeroise-dal-vostro-campeggio-var-83\/","title":{"rendered":"Scoprire la natura a Hy\u00e8res"},"content":{"rendered":"<nav class=\"fildariane\"><a class=\"fildariane__item\" href=\"https:\/\/acampa-vacances.com\/it\/\">Acampa<\/a><span class=\"fc-icon\"><svg xmlns=\"http:\/\/www.w3.org\/2000\/svg\"  viewBox=\"0 0 320 512\" width=\"16px\" height=\"16px\"><!--! Font Awesome Pro 6.4.2 by @fontawesome - https:\/\/fontawesome.com License - https:\/\/fontawesome.com\/license (Commercial License) Copyright 2023 Fonticons, Inc.--><path d=\"M267.3 244.7c6.2 6.2 6.2 16.4 0 22.6l-160 160c-6.2 6.2-16.4 6.2-22.6 0s-6.2-16.4 0-22.6L233.4 256 84.7 107.3c-6.2-6.2-6.2-16.4 0-22.6s16.4-6.2 22.6 0l160 160z\"\/><\/svg><\/span><span class=\"fildariane__item\">Scoprire la natura a Hy\u00e8res<\/span><\/nav><a class=\"fildariane__item retour\" href=\"https:\/\/acampa-vacances.com\/it\/\"\"><span class=\"fc-icon\"><svg xmlns=\"http:\/\/www.w3.org\/2000\/svg\"  viewBox=\"0 0 448 512\" width=\"16px\" height=\"16px\"><!--! Font Awesome Pro 6.4.2 by @fontawesome - https:\/\/fontawesome.com License - https:\/\/fontawesome.com\/license (Commercial License) Copyright 2023 Fonticons, Inc.--><path d=\"M7.4 273.4C2.7 268.8 0 262.6 0 256s2.7-12.8 7.4-17.4l176-168c9.6-9.2 24.8-8.8 33.9 .8s8.8 24.8-.8 33.9L83.9 232 424 232c13.3 0 24 10.7 24 24s-10.7 24-24 24L83.9 280 216.6 406.6c9.6 9.2 9.9 24.3 .8 33.9s-24.3 9.9-33.9 .8l-176-168z\"\/><\/svg><\/span>Torna alla pagina iniziale<\/a>\n\n\n<h1>Scopri la natura di Hyeres dal tuo campeggio (Var, 83)<\/h1>\n\n<h2><strong>Gita naturalistica a Hy\u00e8res, con visita a 3 siti eccezionali<\/strong><\/h2>\n\n<p>Scopri le bellezze naturali di Hy\u00e8res durante il tuo soggiorno al Camping International de Hy\u00e8res (Var 83). Esplora i magnifici parchi Olbius Riquier, Plantier de Costebelle e Saint-Bernard, dove potrai immergerti in paesaggi verdeggianti, ammirare un&#8217;eccezionale variet\u00e0 di specie vegetali e praticare numerose attivit\u00e0 all&#8217;aperto. La natura \u00e8 a due passi dal tuo campeggio!  <\/p>\n\n<div class=\"columns\"><div class=\"columns__item\" style=\"align-self:center;\"><h2>Parco Olbius Riquier<\/h2><p>Scopri una vera oasi di pace a Hy\u00e8res, vicino alla penisola di Giens. \ud83c\udf1e Il Parc Olbius Riquier \u00e8 un luogo di meraviglia&#8230; Con le sue vaste distese di verde, i suoi sentieri ombreggiati e i suoi alberi secolari, questo parco offre un ambiente idilliaco in cui rilassarsi e ricaricare le batterie. \ud83c\udf34 Gli appassionati di botanica saranno felici di esplorare i suoi giardini esotici e la sua collezione di palme.  <\/p><p>Le famiglie apprezzeranno le aree gioco e gli stagni con anatre e pesci. Durante l&#8217;anno viene anche organizzata una caccia al tesoro, quindi non indugiate! <\/p><p>Ingresso gratuito per tutti.<\/p><\/div><div class=\"columns__item\"><figure style=\"position:relative;\"><picture><source srcset=\"https:\/\/acampa-vacances.com\/wp-content\/uploads\/2024\/12\/8688098-diaporama-scaled-703x420-1-420x420.jpg.webp\" media=\"(max-width: 210px)\"><source srcset=\"https:\/\/acampa-vacances.com\/wp-content\/uploads\/2024\/12\/8688098-diaporama-scaled-703x420-1.jpg.webp\" media=\"(max-width: 420px)\"><source srcset=\"https:\/\/acampa-vacances.com\/wp-content\/uploads\/2024\/12\/8688098-diaporama-scaled-703x420-1.jpg.webp\" media=\"(max-width: 850px)\"><source srcset=\"https:\/\/acampa-vacances.com\/wp-content\/uploads\/2024\/12\/8688098-diaporama-scaled-703x420-1.jpg.webp\" media=\"(max-width: 1024px)\"><source srcset=\"https:\/\/acampa-vacances.com\/wp-content\/uploads\/2024\/12\/8688098-diaporama-scaled-703x420-1.jpg.webp\" media=\"(min-width: 1025px)\"><img decoding=\"async\" src=\"https:\/\/acampa-vacances.com\/wp-content\/uploads\/2024\/12\/8688098-diaporama-scaled-703x420-1-420x420.jpg.webp\" width=\"420\" height=\"210\" loading=\"lazy\" alt=\"\" title=\"\"><\/picture><figcaption>\u00a9Hy\u00e8res Tourisme<\/figcaption><\/figure><\/div><\/div>\n\n<div class=\"columns\"><div class=\"columns__item\"><figure style=\"position:relative;\"><picture><source srcset=\"https:\/\/acampa-vacances.com\/wp-content\/uploads\/2024\/12\/Image1-1-1-327x420.jpg.webp\" media=\"(max-width: 210px)\"><source srcset=\"https:\/\/acampa-vacances.com\/wp-content\/uploads\/2024\/12\/Image1-1-1.jpg.webp\" media=\"(max-width: 420px)\"><source srcset=\"https:\/\/acampa-vacances.com\/wp-content\/uploads\/2024\/12\/Image1-1-1.jpg.webp\" media=\"(max-width: 850px)\"><source srcset=\"https:\/\/acampa-vacances.com\/wp-content\/uploads\/2024\/12\/Image1-1-1.jpg.webp\" media=\"(max-width: 1024px)\"><source srcset=\"https:\/\/acampa-vacances.com\/wp-content\/uploads\/2024\/12\/Image1-1-1.jpg.webp\" media=\"(min-width: 1025px)\"><img decoding=\"async\" src=\"https:\/\/acampa-vacances.com\/wp-content\/uploads\/2024\/12\/Image1-1-1-327x420.jpg.webp\" width=\"420\" height=\"210\" loading=\"lazy\" alt=\"\" title=\"\"><\/picture><figcaption>\u00a9Erda Estremera<\/figcaption><\/figure><\/div><div class=\"columns__item\" style=\"align-self:center;\"><h2>Le Plantier de Costebelle<\/h2><p>Vicino al tuo campeggio si trova il giardino Plantier de Costebelle. Questo parco poco conosciuto merita una visita! Immerso nel cuore di una vegetazione lussureggiante, il Plantier de Costebelle offre un ambiente tranquillo per una piacevole passeggiata. Ti piaceranno i sentieri ombreggiati, le aree picnic e le viste panoramiche sulla campagna circostante. Approfitta del tuo soggiorno per scoprire questa oasi di tranquillit\u00e0 e ricaricarti nel cuore della natura incontaminata.    <\/p><p>\ud83d\udcde10 a persona, solo su appuntamento 06.76.87.01.56<\/p><\/div><\/div>\n\n<div class=\"columns\"><div class=\"columns__item\" style=\"align-self:center;\"><h2>Parco Saint-Bernard<\/h2><p>Situato vicino al Camping International de Giens, il Parc Saint-Bernard \u00e8 un vero e proprio tesoro naturale da scoprire! \ud83c\udf33 Il parco \u00e8 un luogo ideale per gli amanti della natura e del relax. Con i suoi ampi spazi verdi e i suoi sentieri fioriti, \u00e8 un luogo invitante per passeggiare e contemplare. Approfitta del tuo soggiorno in campeggio per ricaricare le batterie nel cuore di questo tranquillo parco e goditi la natura circostante in tutta tranquillit\u00e0.   <\/p><p>Ingresso gratuito.<\/p><\/div><div class=\"columns__item\"><figure style=\"position:relative;\"><picture><source srcset=\"https:\/\/acampa-vacances.com\/wp-content\/uploads\/2024\/12\/8688060-diaporama-scaled-703x420-1-420x420.jpg\" media=\"(max-width: 210px)\"><source srcset=\"https:\/\/acampa-vacances.com\/wp-content\/uploads\/2024\/12\/8688060-diaporama-scaled-703x420-1.jpg\" media=\"(max-width: 420px)\"><source srcset=\"https:\/\/acampa-vacances.com\/wp-content\/uploads\/2024\/12\/8688060-diaporama-scaled-703x420-1.jpg\" media=\"(max-width: 850px)\"><source srcset=\"https:\/\/acampa-vacances.com\/wp-content\/uploads\/2024\/12\/8688060-diaporama-scaled-703x420-1.jpg\" media=\"(max-width: 1024px)\"><source srcset=\"https:\/\/acampa-vacances.com\/wp-content\/uploads\/2024\/12\/8688060-diaporama-scaled-703x420-1.jpg\" media=\"(min-width: 1025px)\"><img decoding=\"async\" src=\"https:\/\/acampa-vacances.com\/wp-content\/uploads\/2024\/12\/8688060-diaporama-scaled-703x420-1-420x420.jpg\" width=\"420\" height=\"210\" loading=\"lazy\" alt=\"\" title=\"\"><\/picture><figcaption>\u00a9Julien Veyssade \/ OTPM<\/figcaption><\/figure><\/div><\/div>\n\n<p>Quale modo migliore di godersi la natura se non all&#8217;aria aperta?  <\/p>\n\n<p id=\"https:\/\/acampa-vacances.com\/clairdelune\/accueil\/\">Per una vacanza rilassante, prenota al <a href=\"https:\/\/acampa-vacances.com\/de\/clairdelune\/willkommen\/\" data-type=\"link\" data-id=\"https:\/\/acampa-vacances.com\/clairdelune\/accueil\/\"><strong>Campeggio Clair de Lune<\/strong><\/a>. Avrai a disposizione alloggi con o senza spa, o<a href=\"https:\/\/acampa-vacances.com\/it\/clairdelune\/alloggio\/\" data-type=\"link\" data-id=\"https:\/\/acampa-vacances.com\/clairdelune\/hebergements\/\"> alloggi insoliti<\/a>. Vieni a trovarci su <a href=\"https:\/\/www.instagram.com\/cotedazur_clairdelune\/?hl=fr\" target=\"_blank\" rel=\"noreferrer noopener\">Insta<\/a>!<\/p>\n\n<p id=\"https:\/\/acampa-vacances.com\/international\/accueil\/\">Prenota presso <a href=\"https:\/\/acampa-vacances.com\/it\/international\/benvenuto\/\" data-type=\"link\" data-id=\"https:\/\/acampa-vacances.com\/international\/accueil\/\"><strong>Camping International<\/strong><\/a> per una vacanza divertente e sportiva! Approfitta di un affitto o di una<a href=\"https:\/\/acampa-vacances.com\/it\/international\/alloggio\/\" data-type=\"international\" data-id=\"13044\"> grande piazzola<\/a>. Dai un&#8217;occhiata <a href=\"https:\/\/www.instagram.com\/campinginternationalgiens\/\" target=\"_blank\" rel=\"noreferrer noopener\">qui<\/a>!<\/p>\n\n<p id=\"https:\/\/acampa-vacances.com\/iledor\/accueil\/\">Hai voglia di natura? Prenota presso <a href=\"https:\/\/acampa-vacances.com\/it\/iledor\/benvenuto\/\" data-type=\"link\" data-id=\"https:\/\/acampa-vacances.com\/iledor\/accueil\/\"><strong>Campeggio l&#8217;Ile d&#8217;Or<\/strong><\/a> ! Prenota una delle <a href=\"https:\/\/acampa-vacances.com\/it\/iledor\/alloggio\/\" data-type=\"link\" data-id=\"https:\/\/acampa-vacances.com\/iledor\/hebergements\/\">nostre case mobili<\/a> o una piazzola. Vieni a <a href=\"https:\/\/www.instagram.com\/campingiledor_giens\/\" target=\"_blank\" rel=\"noreferrer noopener\">conoscerci<\/a>!  <\/p>\n\n<p><br>Non vediamo l&#8217;ora di vederti! Ci vediamo su<a href=\"https:\/\/www.facebook.com\/camping.international.de.giens\/\" target=\"_blank\" rel=\"noreferrer noopener\">Facebook<\/a>!<\/p>","protected":false},"excerpt":{"rendered":"<p>Scopri la natura di Hyeres dal tuo campeggio (Var, 83) Gita naturalistica a Hy\u00e8res, con visita a 3 siti eccezionali Scopri le bellezze naturali di Hy\u00e8res durante il tuo soggiorno al Camping International de Hy\u00e8res (Var 83). Esplora i magnifici parchi Olbius Riquier, Plantier de Costebelle e Saint-Bernard, dove potrai immergerti in paesaggi verdeggianti, ammirare [&hellip;]<\/p>\n","protected":false},"featured_media":8653,"menu_order":0,"template":"","format":"standard","meta":{"_acf_changed":false,"footnotes":""},"blog":[58],"acf":[],"_links":{"self":[{"href":"https:\/\/acampa-vacances.com\/it\/wp-json\/wp\/v2\/blog\/13501"}],"collection":[{"href":"https:\/\/acampa-vacances.com\/it\/wp-json\/wp\/v2\/blog"}],"about":[{"href":"https:\/\/acampa-vacances.com\/it\/wp-json\/wp\/v2\/types\/blog"}],"version-history":[{"count":3,"href":"https:\/\/acampa-vacances.com\/it\/wp-json\/wp\/v2\/blog\/13501\/revisions"}],"predecessor-version":[{"id":14057,"href":"https:\/\/acampa-vacances.com\/it\/wp-json\/wp\/v2\/blog\/13501\/revisions\/14057"}],"wp:featuredmedia":[{"embeddable":true,"href":"https:\/\/acampa-vacances.com\/it\/wp-json\/wp\/v2\/media\/8653"}],"wp:attachment":[{"href":"https:\/\/acampa-vacances.com\/it\/wp-json\/wp\/v2\/media?parent=13501"}],"wp:term":[{"taxonomy":"blog","embeddable":true,"href":"https:\/\/acampa-vacances.com\/it\/wp-json\/wp\/v2\/blog?post=13501"}],"curies":[{"name":"wp","href":"https:\/\/api.w.org\/{rel}","templated":true}]}}