{"id":13505,"date":"2024-11-25T12:22:24","date_gmt":"2024-11-25T11:22:24","guid":{"rendered":"https:\/\/acampa-vacances.com\/blog\/balades-var\/"},"modified":"2025-01-29T09:10:56","modified_gmt":"2025-01-29T08:10:56","slug":"var-cammina","status":"publish","type":"blog","link":"https:\/\/acampa-vacances.com\/it\/blog\/var-cammina\/","title":{"rendered":"Passeggiate nel Var"},"content":{"rendered":"<nav class=\"fildariane\"><a class=\"fildariane__item\" href=\"https:\/\/acampa-vacances.com\/it\/\">Acampa<\/a><span class=\"fc-icon\"><svg xmlns=\"http:\/\/www.w3.org\/2000\/svg\"  viewBox=\"0 0 320 512\" width=\"16px\" height=\"16px\"><!--! Font Awesome Pro 6.4.2 by @fontawesome - https:\/\/fontawesome.com License - https:\/\/fontawesome.com\/license (Commercial License) Copyright 2023 Fonticons, Inc.--><path d=\"M267.3 244.7c6.2 6.2 6.2 16.4 0 22.6l-160 160c-6.2 6.2-16.4 6.2-22.6 0s-6.2-16.4 0-22.6L233.4 256 84.7 107.3c-6.2-6.2-6.2-16.4 0-22.6s16.4-6.2 22.6 0l160 160z\"\/><\/svg><\/span><span class=\"fildariane__item\">Passeggiate nel Var<\/span><\/nav><a class=\"fildariane__item retour\" href=\"https:\/\/acampa-vacances.com\/it\/\"\"><span class=\"fc-icon\"><svg xmlns=\"http:\/\/www.w3.org\/2000\/svg\"  viewBox=\"0 0 448 512\" width=\"16px\" height=\"16px\"><!--! Font Awesome Pro 6.4.2 by @fontawesome - https:\/\/fontawesome.com License - https:\/\/fontawesome.com\/license (Commercial License) Copyright 2023 Fonticons, Inc.--><path d=\"M7.4 273.4C2.7 268.8 0 262.6 0 256s2.7-12.8 7.4-17.4l176-168c9.6-9.2 24.8-8.8 33.9 .8s8.8 24.8-.8 33.9L83.9 232 424 232c13.3 0 24 10.7 24 24s-10.7 24-24 24L83.9 280 216.6 406.6c9.6 9.2 9.9 24.3 .8 33.9s-24.3 9.9-33.9 .8l-176-168z\"\/><\/svg><\/span>Torna alla pagina iniziale<\/a>\n<h1>Scopri le migliori passeggiate nel Var!<\/h1><p>Il Var \u00e8 una destinazione turistica popolare tutto l&#8217;anno.<\/p><p>Sia in estate che in inverno, il Var \u00e8 una regione ideale per passeggiate ed escursioni: in parte mare, in parte foresta, c&#8217;\u00e8 una moltitudine di paesaggi in cui rifugiarsi sotto il sole mediterraneo e il canto delle cicale.<\/p><p>Ecco una breve guida ad alcune delle passeggiate e dei luoghi pi\u00f9 insoliti del Var da visitare durante il tuo prossimo soggiorno qui. Ai vostri posti, preparatevi, esplorate! <\/p><div class=\"columns\"><div class=\"columns__item\"><h2 class=\"inline\">La nostra selezione di tre originali passeggiate nel Var<\/h2><h3>A poco pi\u00f9 di un&#8217;ora dal campeggio, la cascata del Grand Baou a Brignoles  <\/h3><p>Il Var \u00e8 pi\u00f9 famoso per le sue spiagge che per i suoi fiumi e le sue cascate, eppure <strong>la regione trabocca di luoghi magnifici da scoprire!<\/strong><\/p><p>Scopri la<strong> cascata Grand Baoue, un luogo davvero magico<\/strong> a un&#8217;ora dal campeggio. Situata in un&#8217;area naturale incontaminata, questa riserva naturale ti lascer\u00e0 senza fiato! <\/p><p>Che tu sia in famiglia o con gli amici, questa passeggiata, situata nel comune di Le Val, \u00e8 accessibile a tutti. Raggiungere l&#8217;area balneare \u00e8 facile: un sentiero di dieci metri collega il parcheggio all&#8217;area.   <\/p><p>Qui puoi ammirare una grotta e delle rocce.<\/p><p>Non dimenticare le scarpe: gli attraversamenti d&#8217;acqua sono numerosi e variano a seconda della stagione.  <\/p><p>Quando arrivi ai piedi dei getti, puoi fare un tuffo nelle acque limpide. In estate la temperatura si aggira tra i 18\u00b0C e i 20\u00b0C (ideale per rinfrescarsi). Non farti prendere dal panico se sei un bambino: ci sono tante piccole vasche.  <\/p><\/div><div class=\"columns__item\" style=\"align-self:center;\"><figure><picture><source srcset=\"https:\/\/acampa-vacances.com\/wp-content\/uploads\/2024\/11\/AdobeStock_210674604-420x420.jpeg.webp\" media=\"(max-width: 210px)\"><source srcset=\"https:\/\/acampa-vacances.com\/wp-content\/uploads\/2024\/11\/AdobeStock_210674604-850x425.jpeg.webp\" media=\"(max-width: 420px)\"><source srcset=\"https:\/\/acampa-vacances.com\/wp-content\/uploads\/2024\/11\/AdobeStock_210674604-768x384.jpeg.webp\" media=\"(max-width: 850px)\"><source srcset=\"https:\/\/acampa-vacances.com\/wp-content\/uploads\/2024\/11\/AdobeStock_210674604-1024x512.jpeg.webp\" media=\"(max-width: 1024px)\"><source srcset=\"https:\/\/acampa-vacances.com\/wp-content\/uploads\/2024\/11\/AdobeStock_210674604-scaled.jpeg.webp\" media=\"(min-width: 1025px)\"><img decoding=\"async\" src=\"https:\/\/acampa-vacances.com\/wp-content\/uploads\/2024\/11\/AdobeStock_210674604-420x420.jpeg.webp\" width=\"420\" height=\"210\" alt=\"Wasserfall La cascade du grand baou\" loading=\"lazy\" title=\"\"><\/picture><\/figure><\/div><\/div><p><strong>Come si raggiunge la cascata?<\/strong><\/p><p>Dirigiti prima verso Brignoles, in direzione di Carc\u00e8s. Poi dirigiti verso Carc\u00e8s all&#8217;incrocio tra Correns e Carc\u00e8s. Gira a sinistra dopo l&#8217;incrocio. Percorri un centinaio di metri e parcheggia.     <\/p><p>Per maggiori informazioni, <a href=\"https:\/\/www.la-provence-verte.net\/activites\/baignade-le-val-cascade-du-grand-baou_585.html\" target=\"_blank\" rel=\"noreferrer noopener\">clicca qui<\/a>!<\/p><div class=\"columns\"><div class=\"columns__item\"><figure><picture><source srcset=\"https:\/\/acampa-vacances.com\/wp-content\/uploads\/2024\/11\/AdobeStock_70762819-420x420.jpeg.webp\" media=\"(max-width: 210px)\"><source srcset=\"https:\/\/acampa-vacances.com\/wp-content\/uploads\/2024\/11\/AdobeStock_70762819-850x565.jpeg.webp\" media=\"(max-width: 420px)\"><source srcset=\"https:\/\/acampa-vacances.com\/wp-content\/uploads\/2024\/11\/AdobeStock_70762819-768x510.jpeg.webp\" media=\"(max-width: 850px)\"><source srcset=\"https:\/\/acampa-vacances.com\/wp-content\/uploads\/2024\/11\/AdobeStock_70762819-1024x680.jpeg.webp\" media=\"(max-width: 1024px)\"><source srcset=\"https:\/\/acampa-vacances.com\/wp-content\/uploads\/2024\/11\/AdobeStock_70762819-scaled.jpeg.webp\" media=\"(min-width: 1025px)\"><img decoding=\"async\" src=\"https:\/\/acampa-vacances.com\/wp-content\/uploads\/2024\/11\/AdobeStock_70762819-420x420.jpeg.webp\" width=\"420\" height=\"210\" loading=\"lazy\" alt=\"\" title=\"\"><\/picture><\/figure><\/div><div class=\"columns__item\" style=\"align-self:center;\"><h2>Gite in famiglia<\/h2><h2 class=\"h3\">Provenc&#8217;\u00e2nes!<\/h2><p>Perch\u00e9 non fare una passeggiata nel cuore della Provenza accompagnati dagli asini? Ecco cosa offre Provenc&#8217;\u00e2nes a Rians: passeggiate nei magnifici massicci della Provenza in compagnia di adorabili asini! Originalit\u00e0 garantita!  <\/p><p><strong>Per Bernadette sono 30 anni di passione!  <\/strong>  Nel cuore della Provenza, ti d\u00e0 il benvenuto in una tenuta naturale un tempo abbandonata. Da diversi anni sta sviluppando questo sito per allevare i suoi asini in un <strong>ambiente naturale e protetto<\/strong>. Gli asini svolgono un ruolo importante nel preservare la foresta e nel prevenire gli incendi.    <\/p><p>Questa originale passeggiata far\u00e0 la gioia di tutta la famiglia<\/p><p>La fattoria \u00e8 aperta da <strong>settembre a giugno. <\/strong>  <\/p><p id=\"https:\/\/www.provencanes83.com\/\"><strong>Vuoi saperne di pi\u00f9? <a href=\"https:\/\/www.provencanes83.com\/\" target=\"_blank\" data-type=\"link\" data-id=\"https:\/\/www.provencanes83.com\/\" rel=\"noreferrer noopener\">Clicca qui<\/a> <\/strong><\/p><\/div><\/div><div class=\"columns\"><div class=\"columns__item\" style=\"align-self:center;\"><h2><strong>Un&#8217;originale gita in famiglia: prendi in considerazione il V\u00e9lorail de la Sainte-Baume (Pourcieux)<\/strong><\/h2><p>Scopri il terzo giro originale che devi assolutamente fare durante il tuo prossimo soggiorno nel Var. Il concetto \u00e8 insolito: devi guidare un treno a pedali su una vecchia linea ferroviaria!   <\/p><p>Il percorso si sviluppa su 15 km. Durante la passeggiata scoprirai una serie di luoghi incredibili: viadotti, ponti, un tunnel lungo 180 metri e una vista mozzafiato su Saint-Maximin. <\/p><p id=\"https:\/\/veloraildefrance.com\/la-federation-et-les-exploitants\/83-velorail-de-sainte-baume\/\"><strong>Ulteriori informazioni sono disponibili <a href=\"https:\/\/veloraildefrance.com\/la-federation-et-les-exploitants\/83-velorail-de-sainte-baume\/\" target=\"_blank\" data-type=\"link\" data-id=\"https:\/\/veloraildefrance.com\/la-federation-et-les-exploitants\/83-velorail-de-sainte-baume\/\" rel=\"noreferrer noopener\">qui<\/a><\/strong><\/p><\/div><div class=\"columns__item\"><figure><picture><source srcset=\"https:\/\/acampa-vacances.com\/wp-content\/uploads\/2024\/11\/AdobeStock_473364924-420x420.jpeg.webp\" media=\"(max-width: 210px)\"><source srcset=\"https:\/\/acampa-vacances.com\/wp-content\/uploads\/2024\/11\/AdobeStock_473364924-850x567.jpeg.webp\" media=\"(max-width: 420px)\"><source srcset=\"https:\/\/acampa-vacances.com\/wp-content\/uploads\/2024\/11\/AdobeStock_473364924-768x512.jpeg.webp\" media=\"(max-width: 850px)\"><source srcset=\"https:\/\/acampa-vacances.com\/wp-content\/uploads\/2024\/11\/AdobeStock_473364924-1024x683.jpeg.webp\" media=\"(max-width: 1024px)\"><source srcset=\"https:\/\/acampa-vacances.com\/wp-content\/uploads\/2024\/11\/AdobeStock_473364924.jpeg.webp\" media=\"(min-width: 1025px)\"><img decoding=\"async\" src=\"https:\/\/acampa-vacances.com\/wp-content\/uploads\/2024\/11\/AdobeStock_473364924-420x420.jpeg.webp\" width=\"420\" height=\"210\" loading=\"lazy\" alt=\"\" title=\"\"><\/picture><\/figure><\/div><\/div><h2>Vuoi scoprire il Var in modo diverso? Opta per un soggiorno in campeggio a Giens! <\/h2><p id=\"https:\/\/acampa-vacances.com\/it\/\"> <strong>Sulla Presqu&#8217;\u00eele de Giens, scopri i nostri tre <a href=\"https:\/\/acampa-vacances.com\/it\/\" data-type=\"link\" data-id=\"https:\/\/acampa-vacances.com\/it\/\">campeggi nel Var<\/a><\/strong><\/p><p id=\"https:\/\/acampa-vacances.com\/clairdelune\/accueil\/\">Le <strong><a href=\"https:\/\/acampa-vacances.com\/de\/clairdelune\/willkommen\/\" data-type=\"link\" data-id=\"https:\/\/acampa-vacances.com\/clairdelune\/accueil\/\">Campeggio Clair de Lune<\/a><\/strong> per vacanze in un&#8217;atmosfera calma e serena.<\/p><p id=\"https:\/\/acampa-vacances.com\/international\/accueil\/\">Le <strong><a href=\"https:\/\/acampa-vacances.com\/it\/international\/benvenuto\/\" data-type=\"link\" data-id=\"https:\/\/acampa-vacances.com\/international\/accueil\/\">Camping International<\/a><\/strong> per una vacanza divertente e sportiva.<\/p><p id=\"https:\/\/acampa-vacances.com\/iledor\/accueil\/\">Le <strong><a href=\"https:\/\/acampa-vacances.com\/it\/iledor\/benvenuto\/\" data-type=\"link\" data-id=\"https:\/\/acampa-vacances.com\/iledor\/accueil\/\">Campeggio \u00cele d&#8217;Or<\/a><\/strong> per vacanze in un&#8217;atmosfera autentica e naturale.<\/p><p>Seguici su <strong><a href=\"https:\/\/www.facebook.com\/campingsdegiens\" target=\"_blank\" rel=\"noreferrer noopener\">Facebook<em> <\/em><\/a><\/strong> per non perdere nessuna delle nostre novit\u00e0!  <\/p>","protected":false},"excerpt":{"rendered":"<p>Scopri le migliori passeggiate nel Var! Il Var \u00e8 una destinazione turistica popolare tutto l&#8217;anno. Sia in estate che in inverno, il Var \u00e8 una regione ideale per passeggiate ed escursioni: in parte mare, in parte foresta, c&#8217;\u00e8 una moltitudine di paesaggi in cui rifugiarsi sotto il sole mediterraneo e il canto delle cicale. Ecco [&hellip;]<\/p>\n","protected":false},"featured_media":3283,"menu_order":0,"template":"","format":"standard","meta":{"_acf_changed":false,"footnotes":""},"blog":[58],"acf":[],"_links":{"self":[{"href":"https:\/\/acampa-vacances.com\/it\/wp-json\/wp\/v2\/blog\/13505"}],"collection":[{"href":"https:\/\/acampa-vacances.com\/it\/wp-json\/wp\/v2\/blog"}],"about":[{"href":"https:\/\/acampa-vacances.com\/it\/wp-json\/wp\/v2\/types\/blog"}],"version-history":[{"count":1,"href":"https:\/\/acampa-vacances.com\/it\/wp-json\/wp\/v2\/blog\/13505\/revisions"}],"predecessor-version":[{"id":13506,"href":"https:\/\/acampa-vacances.com\/it\/wp-json\/wp\/v2\/blog\/13505\/revisions\/13506"}],"wp:featuredmedia":[{"embeddable":true,"href":"https:\/\/acampa-vacances.com\/it\/wp-json\/wp\/v2\/media\/3283"}],"wp:attachment":[{"href":"https:\/\/acampa-vacances.com\/it\/wp-json\/wp\/v2\/media?parent=13505"}],"wp:term":[{"taxonomy":"blog","embeddable":true,"href":"https:\/\/acampa-vacances.com\/it\/wp-json\/wp\/v2\/blog?post=13505"}],"curies":[{"name":"wp","href":"https:\/\/api.w.org\/{rel}","templated":true}]}}