{"id":13565,"date":"2024-11-25T12:22:22","date_gmt":"2024-11-25T11:22:22","guid":{"rendered":"https:\/\/acampa-vacances.com\/blog\/le-climat-de-la-presquile-de-giens\/"},"modified":"2025-01-29T09:11:06","modified_gmt":"2025-01-29T08:11:06","slug":"il-clima-del-giens-presquile","status":"publish","type":"blog","link":"https:\/\/acampa-vacances.com\/it\/blog\/il-clima-del-giens-presquile\/","title":{"rendered":"Il clima della Presqu&#8217;\u00eele de Giens"},"content":{"rendered":"<nav class=\"fildariane\"><a class=\"fildariane__item\" href=\"https:\/\/acampa-vacances.com\/it\/\">Acampa<\/a><span class=\"fc-icon\"><svg xmlns=\"http:\/\/www.w3.org\/2000\/svg\"  viewBox=\"0 0 320 512\" width=\"16px\" height=\"16px\"><!--! Font Awesome Pro 6.4.2 by @fontawesome - https:\/\/fontawesome.com License - https:\/\/fontawesome.com\/license (Commercial License) Copyright 2023 Fonticons, Inc.--><path d=\"M267.3 244.7c6.2 6.2 6.2 16.4 0 22.6l-160 160c-6.2 6.2-16.4 6.2-22.6 0s-6.2-16.4 0-22.6L233.4 256 84.7 107.3c-6.2-6.2-6.2-16.4 0-22.6s16.4-6.2 22.6 0l160 160z\"\/><\/svg><\/span><span class=\"fildariane__item\">Il clima della Presqu&#8217;\u00eele de Giens<\/span><\/nav><a class=\"fildariane__item retour\" href=\"https:\/\/acampa-vacances.com\/it\/\"\"><span class=\"fc-icon\"><svg xmlns=\"http:\/\/www.w3.org\/2000\/svg\"  viewBox=\"0 0 448 512\" width=\"16px\" height=\"16px\"><!--! Font Awesome Pro 6.4.2 by @fontawesome - https:\/\/fontawesome.com License - https:\/\/fontawesome.com\/license (Commercial License) Copyright 2023 Fonticons, Inc.--><path d=\"M7.4 273.4C2.7 268.8 0 262.6 0 256s2.7-12.8 7.4-17.4l176-168c9.6-9.2 24.8-8.8 33.9 .8s8.8 24.8-.8 33.9L83.9 232 424 232c13.3 0 24 10.7 24 24s-10.7 24-24 24L83.9 280 216.6 406.6c9.6 9.2 9.9 24.3 .8 33.9s-24.3 9.9-33.9 .8l-176-168z\"\/><\/svg><\/span>Torna alla pagina iniziale<\/a>\n<h1>Il clima della Presqu&#8217;\u00eele de Giens<\/h1><div class=\"columns\"><div class=\"columns__item\"><figure style=\"position:relative;\"><picture><source srcset=\"https:\/\/acampa-vacances.com\/wp-content\/uploads\/2024\/11\/plage.jpg.webp\" media=\"(max-width: 210px)\"><source srcset=\"https:\/\/acampa-vacances.com\/wp-content\/uploads\/2024\/11\/plage.jpg.webp\" media=\"(max-width: 420px)\"><source srcset=\"https:\/\/acampa-vacances.com\/wp-content\/uploads\/2024\/11\/plage.jpg.webp\" media=\"(max-width: 850px)\"><source srcset=\"https:\/\/acampa-vacances.com\/wp-content\/uploads\/2024\/11\/plage.jpg.webp\" media=\"(max-width: 1024px)\"><source srcset=\"https:\/\/acampa-vacances.com\/wp-content\/uploads\/2024\/11\/plage.jpg.webp\" media=\"(min-width: 1025px)\"><img decoding=\"async\" src=\"https:\/\/acampa-vacances.com\/wp-content\/uploads\/2024\/11\/plage.jpg.webp\" width=\"420\" height=\"210\" loading=\"lazy\" alt=\"\" title=\"\"><\/picture><figcaption>Crediti fotografici: Hy\u00e8res-Tourisme<\/figcaption><\/figure><\/div><div class=\"columns__item\" style=\"align-self:center;\"><h2><strong>La penisola di Giens<\/strong> <\/h2><p>\u00c8 caratterizzata da due tipi di clima mediterraneo. A ovest, il clima \u00e8 secco e soggetto alla furia del Maestrale. Si tratta di un clima di tipo marsigliese. A est, invece, il clima \u00e8 pi\u00f9 umido e soggetto al regolare soffio del vento di levante. Si tratta di un clima di tipo nizzardo.    <\/p><p id=\"https:\/\/acampa-vacances.com\/tourisme\/la-plage-de-lalmanarre\/\"><br\/>Il maestrale, il cui nome deriva dalla parola &#8220;magistral&#8221;, \u00e8 il vento che domina tutti gli aspetti della vita sulla <strong>penisola di Giens<\/strong>.<br\/>Oltre a mitigare l&#8217;ondata di caldo in estate, offre un prestigioso &#8220;spot&#8221; a <a href=\"https:\/\/acampa-vacances.com\/it\/turismo\/la-spiaggia-di-lalmanarre\/\" data-type=\"link\" data-id=\"https:\/\/acampa-vacances.com\/tourisme\/la-plage-de-lalmanarre\/\">l&#8217;Almanarre<\/a> per gli appassionati di windsurf. Tuttavia, il maestrale provoca anche onde spaventose e molto pericolose per le piccole imbarcazioni. Allo stesso tempo, scatena e diffonde incendi.  <\/p><\/div><\/div><p>Nella macchia costiera, il suo segno \u00e8 immediatamente visibile nel taglio del sottobosco.<br\/>Queste deformazioni si spiegano con l&#8217;ustione chimica causata dal sale degli spruzzi marini. Non \u00e8 quindi una questione di violenza dell&#8217;attacco. Si sviluppano solo i germogli non esposti. In questo modo, la crescita viene indirizzata.    <\/p><p id=\"https:\/\/acampa-vacances.com\/tourisme\/la-capte\/\"><br\/>Da Hy\u00e8res a <a href=\"https:\/\/acampa-vacances.com\/it\/turismo\/la-capte\/\" data-type=\"link\" data-id=\"https:\/\/acampa-vacances.com\/tourisme\/la-capte\/\">Capte<\/a>, le precipitazioni durante l&#8217;anno sono di 750 mm e le piogge annuali diminuiscono di circa 100 mm. Questa diminuzione \u00e8 ancora maggiore da Capte a <a href=\"https:\/\/acampa-vacances.com\/it\/turismo\/porquerolles\/\" data-type=\"link\" data-id=\"https:\/\/acampa-vacances.com\/tourisme\/porquerolles\/\">Porquerolles<\/a>. <\/p><p id=\"https:\/\/hyeres.fr\/\"><br\/>Il clima nella direzione nord-sud della penisola di Giens, principalmente <a href=\"https:\/\/hyeres.fr\/\" target=\"_blank\" data-type=\"link\" data-id=\"https:\/\/hyeres.fr\/\" rel=\"noreferrer noopener\">dal centro di Hy\u00e8res<\/a> verso Giens e le Iles d&#8217;Or, \u00e8 pi\u00f9 soleggiato e pi\u00f9 caldo. In queste zone si registrano 3000 ore di sole all&#8217;anno. Sono considerate le zone pi\u00f9 soleggiate della Provenza. Infatti, in questa zona il cielo e il mare sono perennemente blu, il che giustifica il nome &#8220;Costa Azzurra&#8221; creato da un prefetto molto tempo fa.  <\/p><p id=\"https:\/\/acampa-vacances.com\/clairdelune\/hebergements\/\">Prenota la tua <a href=\"https:\/\/acampa-vacances.com\/en\/clairdelune\/accommodation\/\" data-type=\"link\" data-id=\"https:\/\/acampa-vacances.com\/clairdelune\/hebergements\/\">casa vacanza nel Var<\/a>, nel nostro <a href=\"https:\/\/acampa-vacances.com\/en\/clairdelune\/welcome\/\" data-type=\"link\" data-id=\"https:\/\/acampa-vacances.com\/clairdelune\/accueil\/\">campeggio a 4 stelle a Hy\u00e8res<\/a>.<\/p>","protected":false},"excerpt":{"rendered":"<p>Il clima della Presqu&#8217;\u00eele de Giens La penisola di Giens \u00c8 caratterizzata da due tipi di clima mediterraneo. A ovest, il clima \u00e8 secco e soggetto alla furia del Maestrale. Si tratta di un clima di tipo marsigliese. A est, invece, il clima \u00e8 pi\u00f9 umido e soggetto al regolare soffio del vento di levante. [&hellip;]<\/p>\n","protected":false},"featured_media":8674,"menu_order":0,"template":"","format":"standard","meta":{"_acf_changed":false,"footnotes":""},"blog":[56],"acf":[],"_links":{"self":[{"href":"https:\/\/acampa-vacances.com\/it\/wp-json\/wp\/v2\/blog\/13565"}],"collection":[{"href":"https:\/\/acampa-vacances.com\/it\/wp-json\/wp\/v2\/blog"}],"about":[{"href":"https:\/\/acampa-vacances.com\/it\/wp-json\/wp\/v2\/types\/blog"}],"version-history":[{"count":1,"href":"https:\/\/acampa-vacances.com\/it\/wp-json\/wp\/v2\/blog\/13565\/revisions"}],"predecessor-version":[{"id":13566,"href":"https:\/\/acampa-vacances.com\/it\/wp-json\/wp\/v2\/blog\/13565\/revisions\/13566"}],"wp:featuredmedia":[{"embeddable":true,"href":"https:\/\/acampa-vacances.com\/it\/wp-json\/wp\/v2\/media\/8674"}],"wp:attachment":[{"href":"https:\/\/acampa-vacances.com\/it\/wp-json\/wp\/v2\/media?parent=13565"}],"wp:term":[{"taxonomy":"blog","embeddable":true,"href":"https:\/\/acampa-vacances.com\/it\/wp-json\/wp\/v2\/blog?post=13565"}],"curies":[{"name":"wp","href":"https:\/\/api.w.org\/{rel}","templated":true}]}}