{"id":13648,"date":"2024-11-25T12:22:22","date_gmt":"2024-11-25T11:22:22","guid":{"rendered":"https:\/\/acampa-vacances.com\/blog\/decouvrez-trois-bieres-artisanales-brassees-dans-le-var\/"},"modified":"2026-02-03T08:58:24","modified_gmt":"2026-02-03T07:58:24","slug":"scopri-tre-birre-artigianali-prodotte-nel-var","status":"publish","type":"blog","link":"https:\/\/acampa-vacances.com\/it\/blog\/scopri-tre-birre-artigianali-prodotte-nel-var\/","title":{"rendered":"Visita tre birrifici vicino a Hy\u00e8res"},"content":{"rendered":"<nav class=\"fildariane\"><a class=\"fildariane__item\" href=\"https:\/\/acampa-vacances.com\/it\/\">Acampa<\/a><span class=\"fc-icon\"><svg xmlns=\"http:\/\/www.w3.org\/2000\/svg\"  viewBox=\"0 0 320 512\" width=\"16px\" height=\"16px\"><!--! Font Awesome Pro 6.4.2 by @fontawesome - https:\/\/fontawesome.com License - https:\/\/fontawesome.com\/license (Commercial License) Copyright 2023 Fonticons, Inc.--><path d=\"M267.3 244.7c6.2 6.2 6.2 16.4 0 22.6l-160 160c-6.2 6.2-16.4 6.2-22.6 0s-6.2-16.4 0-22.6L233.4 256 84.7 107.3c-6.2-6.2-6.2-16.4 0-22.6s16.4-6.2 22.6 0l160 160z\"\/><\/svg><\/span><span class=\"fildariane__item\">Visita tre birrifici vicino a Hy\u00e8res<\/span><\/nav><a class=\"fildariane__item retour\" href=\"https:\/\/acampa-vacances.com\/it\/\"\"><span class=\"fc-icon\"><svg xmlns=\"http:\/\/www.w3.org\/2000\/svg\"  viewBox=\"0 0 448 512\" width=\"16px\" height=\"16px\"><!--! Font Awesome Pro 6.4.2 by @fontawesome - https:\/\/fontawesome.com License - https:\/\/fontawesome.com\/license (Commercial License) Copyright 2023 Fonticons, Inc.--><path d=\"M7.4 273.4C2.7 268.8 0 262.6 0 256s2.7-12.8 7.4-17.4l176-168c9.6-9.2 24.8-8.8 33.9 .8s8.8 24.8-.8 33.9L83.9 232 424 232c13.3 0 24 10.7 24 24s-10.7 24-24 24L83.9 280 216.6 406.6c9.6 9.2 9.9 24.3 .8 33.9s-24.3 9.9-33.9 .8l-176-168z\"\/><\/svg><\/span>Torna alla pagina iniziale<\/a>\n\n\n<h1>Sulle tracce della birra<\/h1>\n\n<div class=\"columns\" style=\"align-items:center;\"><div class=\"columns__item\" style=\"align-self:center;\"><h2>Il percorso della birra: scopri 3 birre del Var!<\/h2><p>Tutti hanno sentito parlare dell&#8217;Oktoberfest, la festa della birra che si svolge a Monaco di Baviera per quasi due settimane. Tuttavia, molte persone non sono a conoscenza dell&#8217;esistenza di un vero e proprio itinerario della birra in Francia, dall&#8217;isola di Porquerolles a Tolone nel Var. Eppure il turismo della birra \u00e8 in aumento. Scopri di pi\u00f9 su queste tre birre artigianali prodotte nel Var in questo articolo!   <\/p><\/div><div class=\"columns__item\" style=\"align-self:center;\"><figure style=\"position:relative;\"><picture><source srcset=\"https:\/\/acampa-vacances.com\/wp-content\/uploads\/2024\/11\/biere-768x339-1-420x339.jpg.webp\" media=\"(max-width: 210px)\"><source srcset=\"https:\/\/acampa-vacances.com\/wp-content\/uploads\/2024\/11\/biere-768x339-1.jpg.webp\" media=\"(max-width: 420px)\"><source srcset=\"https:\/\/acampa-vacances.com\/wp-content\/uploads\/2024\/11\/biere-768x339-1.jpg.webp\" media=\"(max-width: 850px)\"><source srcset=\"https:\/\/acampa-vacances.com\/wp-content\/uploads\/2024\/11\/biere-768x339-1.jpg.webp\" media=\"(max-width: 1024px)\"><source srcset=\"https:\/\/acampa-vacances.com\/wp-content\/uploads\/2024\/11\/biere-768x339-1.jpg.webp\" media=\"(min-width: 1025px)\"><img decoding=\"async\" src=\"https:\/\/acampa-vacances.com\/wp-content\/uploads\/2024\/11\/biere-768x339-1-420x339.jpg.webp\" width=\"420\" height=\"210\" loading=\"lazy\" alt=\"\" title=\"\"><\/picture><figcaption>Crediti fotografici: ruedesvignerons.com<\/figcaption><\/figure><\/div><\/div>\n\n<div class=\"columns\" style=\"align-items:center;\"><div class=\"columns__item\" style=\"align-self:center;\"><figure style=\"position:relative;\"><picture><source srcset=\"https:\/\/acampa-vacances.com\/wp-content\/uploads\/2024\/12\/biere-2-768x552-1-420x420.jpg.webp\" media=\"(max-width: 210px)\"><source srcset=\"https:\/\/acampa-vacances.com\/wp-content\/uploads\/2024\/12\/biere-2-768x552-1.jpg.webp\" media=\"(max-width: 420px)\"><source srcset=\"https:\/\/acampa-vacances.com\/wp-content\/uploads\/2024\/12\/biere-2-768x552-1.jpg.webp\" media=\"(max-width: 850px)\"><source srcset=\"https:\/\/acampa-vacances.com\/wp-content\/uploads\/2024\/12\/biere-2-768x552-1.jpg.webp\" media=\"(max-width: 1024px)\"><source srcset=\"https:\/\/acampa-vacances.com\/wp-content\/uploads\/2024\/12\/biere-2-768x552-1.jpg.webp\" media=\"(min-width: 1025px)\"><img decoding=\"async\" src=\"https:\/\/acampa-vacances.com\/wp-content\/uploads\/2024\/12\/biere-2-768x552-1-420x420.jpg.webp\" width=\"420\" height=\"210\" loading=\"lazy\" alt=\"\" title=\"\"><\/picture><figcaption>Credito fotografico: cavedelarotonde.fr<\/figcaption><\/figure><\/div><div class=\"columns__item\" style=\"align-self:center;\"><h2>La Porquerollaise, la birra delle Porquerolles<\/h2><p>Naviga verso l&#8217;isola di Porquerolles, che dal 2016 ha una propria birra. Hupaia \u00e8 una birra chiara prodotta da La Brasserie Porquerollaise. Ne esistono quattro variet\u00e0: Hypaea blonde, Hypaea amber, Hypaea white e Hypaea IPA. La particolarit\u00e0 di questa birra \u00e8 che \u00e8 veramente locale! Alcuni dei luppoli vengono coltivati sull&#8217;isola e vengono raccolte erbe selvatiche. Fresca e leggera, Hypaea promette di essere un buon inizio per il percorso della birra.     <\/p><\/div><\/div>\n\n<div class=\"columns\" style=\"align-items:center;\"><div class=\"columns__item\" style=\"align-self:center;\"><h2>Moonshiners, la birra di Giens<\/h2><p>Scopri le birre &#8220;su misura&#8221; del birrificio Giens, Moonshiners Kraft Brewery. La temperatura della birra servita \u00e8 di 4-7\u00b0C. <\/p><ul><li>Birra bianca: una birra leggera e dissetante con fresche note di agrumi\n<\/li><li>Lager: una birra con carattere e sapore\n<\/li><li>Birra ambrata: una birra scura, maltata, affumicata, caramellata\n<\/li><\/ul><\/div><div class=\"columns__item\" style=\"align-self:center;\"><figure><picture><source srcset=\"https:\/\/acampa-vacances.com\/wp-content\/uploads\/2024\/12\/moonshiner-768x576-1-420x420.jpg.webp\" media=\"(max-width: 210px)\"><source srcset=\"https:\/\/acampa-vacances.com\/wp-content\/uploads\/2024\/12\/moonshiner-768x576-1.jpg.webp\" media=\"(max-width: 420px)\"><source srcset=\"https:\/\/acampa-vacances.com\/wp-content\/uploads\/2024\/12\/moonshiner-768x576-1.jpg.webp\" media=\"(max-width: 850px)\"><source srcset=\"https:\/\/acampa-vacances.com\/wp-content\/uploads\/2024\/12\/moonshiner-768x576-1.jpg.webp\" media=\"(max-width: 1024px)\"><source srcset=\"https:\/\/acampa-vacances.com\/wp-content\/uploads\/2024\/12\/moonshiner-768x576-1.jpg.webp\" media=\"(min-width: 1025px)\"><img decoding=\"async\" src=\"https:\/\/acampa-vacances.com\/wp-content\/uploads\/2024\/12\/moonshiner-768x576-1-420x420.jpg.webp\" width=\"420\" height=\"210\" loading=\"lazy\" alt=\"\" title=\"\"><\/picture><\/figure><\/div><\/div>\n\n<div class=\"columns\" style=\"align-items:center;\"><div class=\"columns__item\" style=\"align-self:center;\"><figure style=\"position:relative;\"><picture><source srcset=\"https:\/\/acampa-vacances.com\/wp-content\/uploads\/2024\/12\/biere3-768x576-1-420x420.jpg.webp\" media=\"(max-width: 210px)\"><source srcset=\"https:\/\/acampa-vacances.com\/wp-content\/uploads\/2024\/12\/biere3-768x576-1.jpg.webp\" media=\"(max-width: 420px)\"><source srcset=\"https:\/\/acampa-vacances.com\/wp-content\/uploads\/2024\/12\/biere3-768x576-1.jpg.webp\" media=\"(max-width: 850px)\"><source srcset=\"https:\/\/acampa-vacances.com\/wp-content\/uploads\/2024\/12\/biere3-768x576-1.jpg.webp\" media=\"(max-width: 1024px)\"><source srcset=\"https:\/\/acampa-vacances.com\/wp-content\/uploads\/2024\/12\/biere3-768x576-1.jpg.webp\" media=\"(min-width: 1025px)\"><img decoding=\"async\" src=\"https:\/\/acampa-vacances.com\/wp-content\/uploads\/2024\/12\/biere3-768x576-1-420x420.jpg.webp\" width=\"420\" height=\"210\" loading=\"lazy\" alt=\"\" title=\"\"><\/picture><figcaption>Credito fotografico: labieredesilesdor.fr<\/figcaption><\/figure><\/div><div class=\"columns__item\" style=\"align-self:center;\"><h2>Bi\u00e8re des \u00celes d&#8217;Or, la birra di Hy\u00e8res<\/h2><p>Aperto nel 2015, il birrificio vende oggi sette birre, dalla pi\u00f9 leggera alla Antigel (6,5). Le birre sono pi\u00f9 internazionali (malti francesi e belgi, luppoli francesi, tedeschi o americani), ma meno presenti con una clientela che sta crescendo velocemente come l&#8217;azienda di famiglia. <\/p><\/div><\/div>\n\n<div class=\"columns\" style=\"align-items:center;\"><div class=\"columns__item\" style=\"align-self:center;\"><h2>La Bi\u00e8re de la Rade, birra prodotta a Tolone<\/h2><p>Concludiamo il percorso della birra proprio a Tolone. Dirigiti verso il Brasseur du Sud, il primo a servire birra 100% di Tolone. <\/p><p>Nel distretto di Saint-Jean-du-Var si producono 7 variet\u00e0 di birra (tra i 4 e i 5,5 gradi):<\/p><ul><li>Censurata &#8211; bionda\n<\/li><li>La Daurade &#8211; bianco\n<\/li><li>La Mur\u00e8ne &#8211; stout\n<\/li><li>La Rascasse &#8211; Birra ambrata americana\n<\/li><li>La Barrac&#8217; &#8211; IPA\n<\/li><li>La Torpille &#8211; Sessione IPA\n<\/li><li>L&#8217;Amer \u00e0 boire &#8211; birra estiva\n<\/li><\/ul><p>La <strong>Bi\u00e8re de la Rade<\/strong>, Oltre ai rinfreschi in loco, agli aperitivi, ai concerti e ai ritrovi per l&#8217;aperitivo, puoi anche visitare lo stabilimento e produrre la tua birra.<\/p><\/div><div class=\"columns__item\" style=\"align-self:center;\"><figure style=\"position:relative;\"><picture><source srcset=\"https:\/\/acampa-vacances.com\/wp-content\/uploads\/2024\/12\/biere-rade-768x610-1-420x420.jpg.webp\" media=\"(max-width: 210px)\"><source srcset=\"https:\/\/acampa-vacances.com\/wp-content\/uploads\/2024\/12\/biere-rade-768x610-1.jpg.webp\" media=\"(max-width: 420px)\"><source srcset=\"https:\/\/acampa-vacances.com\/wp-content\/uploads\/2024\/12\/biere-rade-768x610-1.jpg.webp\" media=\"(max-width: 850px)\"><source srcset=\"https:\/\/acampa-vacances.com\/wp-content\/uploads\/2024\/12\/biere-rade-768x610-1.jpg.webp\" media=\"(max-width: 1024px)\"><source srcset=\"https:\/\/acampa-vacances.com\/wp-content\/uploads\/2024\/12\/biere-rade-768x610-1.jpg.webp\" media=\"(min-width: 1025px)\"><img decoding=\"async\" src=\"https:\/\/acampa-vacances.com\/wp-content\/uploads\/2024\/12\/biere-rade-768x610-1-420x420.jpg.webp\" width=\"420\" height=\"210\" loading=\"lazy\" alt=\"\" title=\"\"><\/picture><figcaption>Credito fotografico: bieresalaffut.fr<\/figcaption><\/figure><\/div><\/div>\n\n<div class=\"group\"><h2>Prenota il tuo soggiorno in uno dei nostri campeggi partner a Giens<\/h2><p>La Presqu&#8217;\u00eele de Giens \u00e8 il luogo perfetto per trascorrere una bella vacanza ed essere l\u00ec a scoprire queste birre. Situata vicino alle<strong> isole di Porquerolles<\/strong>, <strong>Port-Cros<\/strong> e <strong>Levant<\/strong>, <strong>Giens<\/strong> \u00e8 una delle destinazioni pi\u00f9 popolari durante i mesi estivi! Scopri i nostri tre campeggi partner e i loro confortevoli alloggi sulla Presqu&#8217;\u00eele de Giens.<\/p><p id=\"1491\">Il <a href=\"https:\/\/acampa-vacances.com\/it\/clairdelune\/benvenuto\/\" data-type=\"clairdelune\" data-id=\"1491\">Camping Clair de Lune<\/a> e i suoi appartamenti, alloggi insoliti, affitti di spa e case mobili, per vacanze all&#8217;insegna della &#8220;calma e della serenit\u00e0&#8221;.<\/p><p id=\"192\"><a href=\"https:\/\/acampa-vacances.com\/it\/international\/benvenuto\/\" data-type=\"international\" data-id=\"192\">Camping International<\/a> e i suoi appartamenti, case mobili e piazzole provenzali, per vacanze a tema &#8220;divertente e sportivo&#8221;.<\/p><p id=\"1448\">Il <a href=\"https:\/\/acampa-vacances.com\/it\/iledor\/benvenuto\/\" data-type=\"iledor\" data-id=\"1448\">campeggio \u00cele d&#8217;Or<\/a> e le sue case mobili e piazzole, per vacanze all&#8217;insegna dell&#8217;autenticit\u00e0 e della natura.<\/p><h3>Altri articoli da leggere prima della tua vacanza in Provenza<\/h3><ul><li><a href=\"https:\/\/acampa-vacances.com\/it\/blog\/le-terre-della-verde-provenza\/\" data-type=\"blog\" data-id=\"1105\">Il Pays de la Provence Verte<\/a>\n<\/li><li><a href=\"https:\/\/acampa-vacances.com\/it\/blog\/le-5-marche-di-provenza-piu-belle\/\" data-type=\"blog\" data-id=\"1081\">I 5 mercati pi\u00f9 belli della Provenza<\/a>\n<\/li><li><a href=\"https:\/\/acampa-vacances.com\/it\/blog\/specialita-di-pesce-provenzali\/\" data-type=\"blog\" data-id=\"1064\">Specialit\u00e0 di pesce provenzali<\/a>\n<\/li><li><a href=\"https:\/\/acampa-vacances.com\/it\/blog\/trois-domaines-e-vigneti-vicino-a-hyeres\/\" data-type=\"blog\" data-id=\"1091\">Tre tenute e vigneti vicino a Hy\u00e8res<\/a>\n<\/li><\/ul><\/div>","protected":false},"excerpt":{"rendered":"<p>Sulle tracce della birra Il percorso della birra: scopri 3 birre del Var! Tutti hanno sentito parlare dell&#8217;Oktoberfest, la festa della birra che si svolge a Monaco di Baviera per quasi due settimane. Tuttavia, molte persone non sono a conoscenza dell&#8217;esistenza di un vero e proprio itinerario della birra in Francia, dall&#8217;isola di Porquerolles a [&hellip;]<\/p>\n","protected":false},"featured_media":9147,"menu_order":0,"template":"","format":"standard","meta":{"_acf_changed":false,"footnotes":""},"blog":[57],"acf":[],"_links":{"self":[{"href":"https:\/\/acampa-vacances.com\/it\/wp-json\/wp\/v2\/blog\/13648"}],"collection":[{"href":"https:\/\/acampa-vacances.com\/it\/wp-json\/wp\/v2\/blog"}],"about":[{"href":"https:\/\/acampa-vacances.com\/it\/wp-json\/wp\/v2\/types\/blog"}],"version-history":[{"count":2,"href":"https:\/\/acampa-vacances.com\/it\/wp-json\/wp\/v2\/blog\/13648\/revisions"}],"predecessor-version":[{"id":16874,"href":"https:\/\/acampa-vacances.com\/it\/wp-json\/wp\/v2\/blog\/13648\/revisions\/16874"}],"wp:featuredmedia":[{"embeddable":true,"href":"https:\/\/acampa-vacances.com\/it\/wp-json\/wp\/v2\/media\/9147"}],"wp:attachment":[{"href":"https:\/\/acampa-vacances.com\/it\/wp-json\/wp\/v2\/media?parent=13648"}],"wp:term":[{"taxonomy":"blog","embeddable":true,"href":"https:\/\/acampa-vacances.com\/it\/wp-json\/wp\/v2\/blog?post=13648"}],"curies":[{"name":"wp","href":"https:\/\/api.w.org\/{rel}","templated":true}]}}