{"id":13323,"date":"2024-11-25T12:22:25","date_gmt":"2024-11-25T11:22:25","guid":{"rendered":"https:\/\/acampa-vacances.com\/blog\/les-sites-culturels-et-monuments-a-decouvrir-dans-le-var\/"},"modified":"2025-05-19T16:49:40","modified_gmt":"2025-05-19T14:49:40","slug":"culturele-sites-en-monumenten-om-te-ontdekken-in-de-var","status":"publish","type":"blog","link":"https:\/\/acampa-vacances.com\/nl\/blog\/culturele-sites-en-monumenten-om-te-ontdekken-in-de-var\/","title":{"rendered":"Culturele plaatsen en monumenten in de Var"},"content":{"rendered":"<nav class=\"fildariane\"><a class=\"fildariane__item\" href=\"https:\/\/acampa-vacances.com\/nl\/\">Acampa<\/a><span class=\"fc-icon\"><svg xmlns=\"http:\/\/www.w3.org\/2000\/svg\"  viewBox=\"0 0 320 512\" width=\"16px\" height=\"16px\"><!--! Font Awesome Pro 6.4.2 by @fontawesome - https:\/\/fontawesome.com License - https:\/\/fontawesome.com\/license (Commercial License) Copyright 2023 Fonticons, Inc.--><path d=\"M267.3 244.7c6.2 6.2 6.2 16.4 0 22.6l-160 160c-6.2 6.2-16.4 6.2-22.6 0s-6.2-16.4 0-22.6L233.4 256 84.7 107.3c-6.2-6.2-6.2-16.4 0-22.6s16.4-6.2 22.6 0l160 160z\"\/><\/svg><\/span><span class=\"fildariane__item\">Culturele plaatsen en monumenten in de Var<\/span><\/nav><a class=\"fildariane__item retour\" href=\"https:\/\/acampa-vacances.com\/nl\/\"\"><span class=\"fc-icon\"><svg xmlns=\"http:\/\/www.w3.org\/2000\/svg\"  viewBox=\"0 0 448 512\" width=\"16px\" height=\"16px\"><!--! Font Awesome Pro 6.4.2 by @fontawesome - https:\/\/fontawesome.com License - https:\/\/fontawesome.com\/license (Commercial License) Copyright 2023 Fonticons, Inc.--><path d=\"M7.4 273.4C2.7 268.8 0 262.6 0 256s2.7-12.8 7.4-17.4l176-168c9.6-9.2 24.8-8.8 33.9 .8s8.8 24.8-.8 33.9L83.9 232 424 232c13.3 0 24 10.7 24 24s-10.7 24-24 24L83.9 280 216.6 406.6c9.6 9.2 9.9 24.3 .8 33.9s-24.3 9.9-33.9 .8l-176-168z\"\/><\/svg><\/span>Terug naar de startpagina<\/a>\n<h1>Culturele plaatsen en monumenten om te ontdekken in de Var! (aflevering 1) <\/h1><p>De gemeenten van de Var staan niet alleen bekend om hun activiteiten en paradijselijke plekjes, maar herbergen ook tal van culturele bezienswaardigheden van verschillende faam. De laatste jaren hebben Giens en de omliggende gemeenten er alles aan gedaan om <strong>hun artistieke imago op te poetsen<\/strong>. We hebben <strong>een paar culturele plekken in de Var<\/strong> uitgekozen die zeker een bezoekje waard zijn.    <\/p><h2>Ontdek de culturele bezienswaardigheden van Hy\u00e8res<\/h2><h3><strong>Hy\u00e8res: de middeleeuwse stad, het oude kasteel en de Tempelierstoren<\/strong><\/h3><p>Op enkele meters van het stadscentrum van Hy\u00e8res nemen we je mee op de <strong>tocht<\/strong><strong>&#8220;Hy\u00e8res door de eeuwen heen&#8221;<\/strong> om de middeleeuwse stad en de overblijfselen van de stadswallen en het kasteel te ontdekken. We nodigen je uit om <strong>2400 jaar geschiedenis<\/strong> van de stad te ontdekken, dankzij de vele monumenten langs de route! Op het programma van deze zonovergoten stad: de poorten van Massillon en Fenouillet, de Villa Noailles, de geheimen van de middeleeuwse stad en andere culturele bezienswaardigheden.  <\/p><div class=\"columns\" style=\"align-items:center;\"><div class=\"columns__item\" style=\"align-self:center;\"><h3><strong>Hy\u00e8res: De kunst- en erfgoedroute<\/strong><\/h3><p><strong>Op minder dan 10 kilometer van Giens <\/strong>en midden in het centrum van Hy\u00e8res<strong> kun je je laten verleiden door de kunst- en erfgoedroute.<\/strong> De route begint bij de traditionele winkels en typische plekjes van Hy\u00e8res: Portalet, Massillon en R\u00e9publique.<\/p><p>Onderweg krijg je de kans om een glimp op te vangen van <strong>vele kunstenaars en ambachtslieden<\/strong>. Je krijgt ook de kans om het plantaardige, stedelijke en architecturale erfgoed met een rijke geschiedenis te bewonderen. <strong>De kunst- en erfgoedroute<\/strong> maakt deel uit van een initiatief om de stad nieuw leven in te blazen door <strong>het stadscentrum van Hy\u00e8res<\/strong> te herontwikkelen.   <\/p><\/div><div class=\"columns__item\" style=\"align-self:center;\"><figure style=\"position:relative;\"><picture><source srcset=\"https:\/\/acampa-vacances.com\/wp-content\/uploads\/2024\/12\/cite-medievale-lart-et-la-culture-dans-le-var-420x420.jpg.webp\" media=\"(max-width: 210px)\"><source srcset=\"https:\/\/acampa-vacances.com\/wp-content\/uploads\/2024\/12\/cite-medievale-lart-et-la-culture-dans-le-var-850x567.jpg.webp\" media=\"(max-width: 420px)\"><source srcset=\"https:\/\/acampa-vacances.com\/wp-content\/uploads\/2024\/12\/cite-medievale-lart-et-la-culture-dans-le-var-768x512.jpg.webp\" media=\"(max-width: 850px)\"><source srcset=\"https:\/\/acampa-vacances.com\/wp-content\/uploads\/2024\/12\/cite-medievale-lart-et-la-culture-dans-le-var-1024x683.jpg.webp\" media=\"(max-width: 1024px)\"><source srcset=\"https:\/\/acampa-vacances.com\/wp-content\/uploads\/2024\/12\/cite-medievale-lart-et-la-culture-dans-le-var.jpg.webp\" media=\"(min-width: 1025px)\"><img decoding=\"async\" src=\"https:\/\/acampa-vacances.com\/wp-content\/uploads\/2024\/12\/cite-medievale-lart-et-la-culture-dans-le-var-420x420.jpg.webp\" width=\"420\" height=\"210\" loading=\"lazy\" alt=\"\" title=\"\"><\/picture><figcaption>Foto credit: Toulon toerisme<\/figcaption><\/figure><\/div><\/div><div class=\"columns\" style=\"align-items:center;\"><div class=\"columns__item\" style=\"align-self:center;\"><figure style=\"position:relative;\"><picture><source srcset=\"https:\/\/acampa-vacances.com\/wp-content\/uploads\/2024\/12\/toulon-rue-arts-420x420.jpg.webp\" media=\"(max-width: 210px)\"><source srcset=\"https:\/\/acampa-vacances.com\/wp-content\/uploads\/2024\/12\/toulon-rue-arts.jpg.webp\" media=\"(max-width: 420px)\"><source srcset=\"https:\/\/acampa-vacances.com\/wp-content\/uploads\/2024\/12\/toulon-rue-arts.jpg.webp\" media=\"(max-width: 850px)\"><source srcset=\"https:\/\/acampa-vacances.com\/wp-content\/uploads\/2024\/12\/toulon-rue-arts.jpg.webp\" media=\"(max-width: 1024px)\"><source srcset=\"https:\/\/acampa-vacances.com\/wp-content\/uploads\/2024\/12\/toulon-rue-arts.jpg.webp\" media=\"(min-width: 1025px)\"><img decoding=\"async\" src=\"https:\/\/acampa-vacances.com\/wp-content\/uploads\/2024\/12\/toulon-rue-arts-420x420.jpg.webp\" width=\"420\" height=\"210\" loading=\"lazy\" alt=\"\" title=\"\"><\/picture><figcaption>Foto credit: Toulon toerisme<\/figcaption><\/figure><\/div><div class=\"columns__item\" style=\"align-self:center;\"><h2>Ontdek de Kunststraat<\/h2><h3><strong>Toulon: de Rue des Arts<\/strong><\/h3><p id=\"1491\"><strong>De Rue des Arts<\/strong>, op een paar kilometer van de <a href=\"https:\/\/acampa-vacances.com\/de\/clairdelune\/willkommen\/\" data-type=\"clairdelune\" data-id=\"1491\">camping in Hy\u00e8res<\/a>, heeft <strong>het centrum van Toulon<\/strong> nieuw leven ingeblazen. Je kunt er nu flaneren en de ongeveer <strong>40 boetieks<\/strong>, <strong>bars<\/strong>, <strong>restaurants<\/strong>, <strong>galeries<\/strong> en <strong>ambachtslieden<\/strong> bewonderen die zich hier hebben gevestigd! Vandaag de dag is de <strong>Rue des Arts<\/strong> een<strong> must<\/strong> voor alle <strong>kunstliefhebbers<\/strong>.  <\/p><p>Of je nu een fan bent van <strong>fotografie<\/strong>,<strong>hedendaagse kunst<\/strong>,<strong>kunstenaarsateliers<\/strong> of <strong>tentoonstellingsgalerie\u00ebn<\/strong>, je zult versteld staan van de charme van deze straat in Toulon.  <\/p><p>Geen grote kunstfan? Geen probleem! De Rue des Arts biedt ook een breed scala aan andere activiteiten: winkelen, uit eten gaan, handwerken&#8230; Er is voor elk wat wils!    <\/p><\/div><\/div><h2>Kom en bezoek dit culturele monument  <\/h2><h3><strong>Draguignan: het museum van volkskunst en -tradities<\/strong><\/h3><p>Kom op een paar uur van Camping Clair de Lune het <strong>Mus\u00e9e des Arts et Traditions Populaires<\/strong> bezoeken, dat in 1980 werd opgericht in Draguignan. Bij aankomst sta je voor een gebouw dat gebouwd is op initiatief van een <strong>vereniging die de volkskunst en -tradities van Midden-Provence wil beschermen<\/strong>. Je hebt de mogelijkheid om <strong>een aantal tentoonstellingen<\/strong> en <strong>nationale evenementen<\/strong> bij te wonen, zoals de Nuit Europ\u00e9enne des Mus\u00e9es (Europese Nacht van de Musea), de Journ\u00e9es Europ\u00e9ennes de l&#8217;Arch\u00e9ologie (Europese Archeologiedagen) en de Journ\u00e9es Nationales de l&#8217;Arch\u00e9ologie (Nationale Archeologiedagen).  <\/p><h2>Plan uw volgende reis naar Hy\u00e8res<\/h2><p id=\"4032\"><strong>De \u00celes d&#8217;Or<\/strong>: een bevoorrecht gebied voor je herfstvakantie. Gunstige weersomstandigheden en een ideale geografische ligging geven het <strong>Presqu&#8217;\u00cele de Giens<\/strong> elk jaar weer zijn charme. Profiteer van uw vakantie door <strong>de culturele bezienswaardigheden en typische monumenten van de Var te bezoeken<\/strong>! Meer informatie over Camping Clair de Lune  <strong> <\/strong>en <a href=\"https:\/\/acampa-vacances.com\/de\/clairdelune\/unterkunft\/\" data-type=\"clairdelune\" data-id=\"4032\">zijn accommodatie<\/a>, <strong>dicht bij de \u00celes d&#8217;Or<\/strong>.  <\/p>","protected":false},"excerpt":{"rendered":"<p>Culturele plaatsen en monumenten om te ontdekken in de Var! (aflevering 1) De gemeenten van de Var staan niet alleen bekend om hun activiteiten en paradijselijke plekjes, maar herbergen ook tal van culturele bezienswaardigheden van verschillende faam. De laatste jaren hebben Giens en de omliggende gemeenten er alles aan gedaan om hun artistieke imago op [&hellip;]<\/p>\n","protected":false},"featured_media":9625,"menu_order":0,"template":"","format":"standard","meta":{"_acf_changed":false,"footnotes":""},"blog":[59],"acf":[],"_links":{"self":[{"href":"https:\/\/acampa-vacances.com\/nl\/wp-json\/wp\/v2\/blog\/13323"}],"collection":[{"href":"https:\/\/acampa-vacances.com\/nl\/wp-json\/wp\/v2\/blog"}],"about":[{"href":"https:\/\/acampa-vacances.com\/nl\/wp-json\/wp\/v2\/types\/blog"}],"version-history":[{"count":2,"href":"https:\/\/acampa-vacances.com\/nl\/wp-json\/wp\/v2\/blog\/13323\/revisions"}],"predecessor-version":[{"id":15522,"href":"https:\/\/acampa-vacances.com\/nl\/wp-json\/wp\/v2\/blog\/13323\/revisions\/15522"}],"wp:featuredmedia":[{"embeddable":true,"href":"https:\/\/acampa-vacances.com\/nl\/wp-json\/wp\/v2\/media\/9625"}],"wp:attachment":[{"href":"https:\/\/acampa-vacances.com\/nl\/wp-json\/wp\/v2\/media?parent=13323"}],"wp:term":[{"taxonomy":"blog","embeddable":true,"href":"https:\/\/acampa-vacances.com\/nl\/wp-json\/wp\/v2\/blog?post=13323"}],"curies":[{"name":"wp","href":"https:\/\/api.w.org\/{rel}","templated":true}]}}