{"id":13707,"date":"2024-11-25T12:22:21","date_gmt":"2024-11-25T11:22:21","guid":{"rendered":"https:\/\/acampa-vacances.com\/blog\/location-appartement-var\/"},"modified":"2025-01-29T09:11:23","modified_gmt":"2025-01-29T08:11:23","slug":"huurappartement-var","status":"publish","type":"blog","link":"https:\/\/acampa-vacances.com\/nl\/blog\/huurappartement-var\/","title":{"rendered":"Appartement te huur in de Var"},"content":{"rendered":"<nav class=\"fildariane\"><a class=\"fildariane__item\" href=\"https:\/\/acampa-vacances.com\/nl\/\">Acampa<\/a><span class=\"fc-icon\"><svg xmlns=\"http:\/\/www.w3.org\/2000\/svg\"  viewBox=\"0 0 320 512\" width=\"16px\" height=\"16px\"><!--! Font Awesome Pro 6.4.2 by @fontawesome - https:\/\/fontawesome.com License - https:\/\/fontawesome.com\/license (Commercial License) Copyright 2023 Fonticons, Inc.--><path d=\"M267.3 244.7c6.2 6.2 6.2 16.4 0 22.6l-160 160c-6.2 6.2-16.4 6.2-22.6 0s-6.2-16.4 0-22.6L233.4 256 84.7 107.3c-6.2-6.2-6.2-16.4 0-22.6s16.4-6.2 22.6 0l160 160z\"\/><\/svg><\/span><span class=\"fildariane__item\">Appartement te huur in de Var<\/span><\/nav><a class=\"fildariane__item retour\" href=\"https:\/\/acampa-vacances.com\/nl\/\"\"><span class=\"fc-icon\"><svg xmlns=\"http:\/\/www.w3.org\/2000\/svg\"  viewBox=\"0 0 448 512\" width=\"16px\" height=\"16px\"><!--! Font Awesome Pro 6.4.2 by @fontawesome - https:\/\/fontawesome.com License - https:\/\/fontawesome.com\/license (Commercial License) Copyright 2023 Fonticons, Inc.--><path d=\"M7.4 273.4C2.7 268.8 0 262.6 0 256s2.7-12.8 7.4-17.4l176-168c9.6-9.2 24.8-8.8 33.9 .8s8.8 24.8-.8 33.9L83.9 232 424 232c13.3 0 24 10.7 24 24s-10.7 24-24 24L83.9 280 216.6 406.6c9.6 9.2 9.9 24.3 .8 33.9s-24.3 9.9-33.9 .8l-176-168z\"\/><\/svg><\/span>Terug naar de startpagina<\/a>\n<h1>Vakantiewoningen in de Var : appartement<\/h1><div class=\"columns\" style=\"align-items:center;\"><div class=\"columns__item\" style=\"align-self:center;\"><h2>Vakantieverhuur : 30m\u00b2 appartement in Hy\u00e8res<\/h2><p id=\"73\">Wilt u zich thuis voelen vanaf uw eerste dag op een <a href=\"https:\/\/acampa-vacances.com\/nl\/\" data-type=\"page\" data-id=\"73\">camping in Hy\u00e8res<\/a>? <strong>Huur<\/strong> dan <strong>een appartement in de Var<\/strong>! Camping Clair de Lune heeft verschillende appartementen van 30 m2 voor 4 of 5 personen. L&#8217;Eucalyptus (2 kamers, 5 personen), gerenoveerd in 2020, is van alle gemakken voorzien (televisie, airconditioning, vaatwasser).  <\/p><p>De duplex Jasmin S\u00e9r\u00e9nit\u00e9 (2 slaapkamers, 4-5 slaapplaatsen) heeft een terras van 10 m2 met uitzicht op zee, de perfecte plek om te genieten van een drankje en de zonsondergang te bekijken na je watersportactiviteiten. Iets meer ruimte nodig? Kies dan voor het appartement L&#8217;Hestia op de 4-sterrencamping International (1 slaapkamer met tweepersoonsbed en slaapbank in de woonkamer, 4 personen, 33 m2) met terras met uitzicht op het zwembad, tv, vaatwasser en wasmachine.  <\/p><p>Als je geld wilt besparen op je vakantie op het schiereiland Giens en toch wilt genieten van een hoog niveau van comfort, vind je op Camping Clair de Lune studio&#8217;s en kleine appartementen van minder dan 30 m2, waaronder een studio zonder sanitair en een PMR-studio die toegankelijk is voor mensen met een beperkte mobiliteit. Op zoek naar luxe? Laat je verleiden door een appartement met priv\u00e9 spa en uitzicht op zee. Waar wacht u nog op om <strong>een vakantie van<\/strong> een week of langer <strong>te huren in Le Var<\/strong> op een van onze campings?   <\/p><\/div><div class=\"columns__item\" style=\"align-self:center;\"><figure><picture><source srcset=\"https:\/\/acampa-vacances.com\/wp-content\/uploads\/2024\/11\/location-appartement-a-Hyeresjpg-420x420.jpg.webp\" media=\"(max-width: 210px)\"><source srcset=\"https:\/\/acampa-vacances.com\/wp-content\/uploads\/2024\/11\/location-appartement-a-Hyeresjpg.jpg.webp\" media=\"(max-width: 420px)\"><source srcset=\"https:\/\/acampa-vacances.com\/wp-content\/uploads\/2024\/11\/location-appartement-a-Hyeresjpg.jpg.webp\" media=\"(max-width: 850px)\"><source srcset=\"https:\/\/acampa-vacances.com\/wp-content\/uploads\/2024\/11\/location-appartement-a-Hyeresjpg.jpg.webp\" media=\"(max-width: 1024px)\"><source srcset=\"https:\/\/acampa-vacances.com\/wp-content\/uploads\/2024\/11\/location-appartement-a-Hyeresjpg.jpg.webp\" media=\"(min-width: 1025px)\"><img decoding=\"async\" src=\"https:\/\/acampa-vacances.com\/wp-content\/uploads\/2024\/11\/location-appartement-a-Hyeresjpg-420x420.jpg.webp\" width=\"420\" height=\"210\" loading=\"lazy\" alt=\"\" title=\"\"><\/picture><\/figure><\/div><\/div><div class=\"columns\" style=\"align-items:center;\"><div class=\"columns__item\" style=\"align-self:center;\"><figure><picture><source srcset=\"https:\/\/acampa-vacances.com\/wp-content\/uploads\/2024\/11\/location-appartement-porquerolles-420x420.jpg.webp\" media=\"(max-width: 210px)\"><source srcset=\"https:\/\/acampa-vacances.com\/wp-content\/uploads\/2024\/11\/location-appartement-porquerolles.jpg.webp\" media=\"(max-width: 420px)\"><source srcset=\"https:\/\/acampa-vacances.com\/wp-content\/uploads\/2024\/11\/location-appartement-porquerolles.jpg.webp\" media=\"(max-width: 850px)\"><source srcset=\"https:\/\/acampa-vacances.com\/wp-content\/uploads\/2024\/11\/location-appartement-porquerolles.jpg.webp\" media=\"(max-width: 1024px)\"><source srcset=\"https:\/\/acampa-vacances.com\/wp-content\/uploads\/2024\/11\/location-appartement-porquerolles.jpg.webp\" media=\"(min-width: 1025px)\"><img decoding=\"async\" src=\"https:\/\/acampa-vacances.com\/wp-content\/uploads\/2024\/11\/location-appartement-porquerolles-420x420.jpg.webp\" width=\"420\" height=\"210\" loading=\"lazy\" alt=\"\" title=\"\"><\/picture><\/figure><\/div><div class=\"columns__item\" style=\"align-self:center;\"><h2><br\/>40m\u00b2 appartement te huur in Porquerolles<\/h2><p id=\"3530\">Ben je op zoek naar een ruim appartement om de eilanden Hy\u00e8res en <a href=\"https:\/\/acampa-vacances.com\/nl\/toerisme\/toerisme-porquerolles\/\" data-type=\"tourisme\" data-id=\"3530\">Porquerolles<\/a>, de parels van de Middellandse Zee, te verkennen? Camping International **** in Hy\u00e8res heeft een aantal zeer aantrekkelijke appartementen van 40 m2 voor 4 of 5 personen geselecteerd voor gasten die op zoek zijn naar comfort, ruimte en privacy. <\/p><p>Wil je je budget binnen de perken houden? Verblijf in een eigentijds 2-kamerappartement met een grote slaapkamer (tweepersoonsbed), grote lichte woonkamer met slaapbank, <strong>keuken<\/strong>, overdekt terras en hoogwaardige faciliteiten (televisie in de woonkamer, oven, vaatwasser, wasmachine). Er zijn ook appartementen van 45 m2, waarvan sommige uitkijken op zee.  <\/p><p id=\"1491\">Het appartement S\u00e9r\u00e9nit\u00e9 op <a href=\"https:\/\/acampa-vacances.com\/nl\/clairdelune\/welkom\/\" data-type=\"clairdelune\" data-id=\"1491\">camping Clair de Lune in Hy\u00e8res<\/a> (44 m2, 2 aparte slaapkamers, 4-5 slaapplaatsen) is een comfortabele accommodatie met een uitstekende prijs-kwaliteitverhouding voor gezinnen met 2-3 kinderen en kleine groepen. De accommodatie ligt in het midden van de camping, vlakbij het zwembad en de speeltuinen. Het is populair om zijn warme kleuren, moderne inrichting en faciliteiten: vaatwasser, wasmachine, omkeerbare airconditioning om alle kamers op een aangename temperatuur te houden, ongeacht het seizoen&#8230;  <\/p><\/div><\/div><h2>Appartement te huur meer dan 50m\u00b2 op het Presqu&#8217;\u00eele de Giens<\/h2><p>Op de 4-sterren camping International in Hy\u00e8res kun je een appartement huren voor 5 personen van meer dan 50 m2, met veel binnen- en buitenruimte. Na het zwemmen, watersporten en excursies op het schiereiland Giens, kom je terug in de luxe en het comfort van je 3-kamerappartement, gelegen in een groene omgeving in de buurt van het zwembad. Laat je betoveren door Le Bleuet. Dit appartement van 58 m2 met airconditioning is een echte blikvanger, met zijn grote boogramen die het de uitstraling geven van een historisch gebouw. Dit appartement heeft nog een buitenterras bedekt met gazon met tuinmeubilair en ligstoelen.    <\/p><p>De grote ramen zorgen voor een natuurlijke lichtinval in de woon- en slaapkamers. Een andere XXL lieveling van de internationale camping op het schiereiland Giens in de Var: een appartement van 56 m2 met airconditioning voor 4-5 personen met een mezzanine en een priv\u00e9terras omzoomd door houten panelen om je meer privacy te geven voor maaltijden, si\u00ebsta&#8217;s, aperitiefjes met vrienden of kaartspelletjes met het gezin. Je kinderen zullen blij zijn om hun koffers achter te laten in de slaapkamer op de mezzanine (2 eenpersoonsbedden), terwijl jij de charme ontdekt van de ouderslaapkamer (tweepersoonsbed). Dit appartement beschikt over een volledig uitgeruste keuken (oven, vaatwasser, wasmachine), televisie en badkamer met bad.   <\/p><div class=\"columns\" style=\"align-items:center;\"><div class=\"columns__item\" style=\"align-self:center;\"><h2 class=\"inline\">Waarom kiezen voor de Var als vakantiebestemming?<\/h2><p>De <strong>Var<\/strong> is een ideale bestemming voor een <strong>vakantieverblijf<\/strong> vanwege de mooie zandstranden, pittoreske dorpjes en prachtige mediterrane kustlijn. <strong>Camping Clair de Lune<\/strong>, <strong>camping International Giens<\/strong> en <strong>camping de l&#8217;Ile d&#8217;or<\/strong> liggen allemaal op het schiereiland Giens, dat een prachtig uitzicht biedt op de naburige eilanden en uitstekende mogelijkheden biedt.<\/p><p>De <strong>campings op het schiereiland Giens <\/strong>in Provence-Alpes-C\u00f4te d&#8217;Azur bieden bezoekers tal van activiteiten. Er is volop ruimte om te ontspannen, zwemmen en zonnebaden in het kristalheldere water van <strong>de Middellandse Zee<\/strong>. Er zijn ook verschillende recreatiefaciliteiten, waaronder watersporten en kinderspeelplaatsen. Je hebt ook de kans om dit deel van Frankrijk te bezoeken: Saint Tropez, Saint Rapha\u00ebl, Port Cros, het eiland Porquerolles&#8230;     <\/p><p>Elk van de drie campings biedt verschillende<strong>accommodatiemogelijkheden<\/strong> voor alle budgetten en reisstijlen, waaronder appartementen, studio&#8217;s, stacaravans en tentplaatsen.  <\/p><\/div><div class=\"columns__item\" style=\"align-self:center;\"><figure><picture><source srcset=\"https:\/\/acampa-vacances.com\/wp-content\/uploads\/2024\/11\/9346403-diaporama-scaled-1-1-420x420.jpg.webp\" media=\"(max-width: 210px)\"><source srcset=\"https:\/\/acampa-vacances.com\/wp-content\/uploads\/2024\/11\/9346403-diaporama-scaled-1-1-850x567.jpg.webp\" media=\"(max-width: 420px)\"><source srcset=\"https:\/\/acampa-vacances.com\/wp-content\/uploads\/2024\/11\/9346403-diaporama-scaled-1-1-768x512.jpg.webp\" media=\"(max-width: 850px)\"><source srcset=\"https:\/\/acampa-vacances.com\/wp-content\/uploads\/2024\/11\/9346403-diaporama-scaled-1-1-1024x683.jpg.webp\" media=\"(max-width: 1024px)\"><source srcset=\"https:\/\/acampa-vacances.com\/wp-content\/uploads\/2024\/11\/9346403-diaporama-scaled-1-1.jpg.webp\" media=\"(min-width: 1025px)\"><img decoding=\"async\" src=\"https:\/\/acampa-vacances.com\/wp-content\/uploads\/2024\/11\/9346403-diaporama-scaled-1-1-420x420.jpg.webp\" width=\"420\" height=\"210\" loading=\"lazy\" alt=\"\" title=\"\"><\/picture><\/figure><\/div><\/div>","protected":false},"excerpt":{"rendered":"<p>Vakantiewoningen in de Var : appartement Vakantieverhuur : 30m\u00b2 appartement in Hy\u00e8res Wilt u zich thuis voelen vanaf uw eerste dag op een camping in Hy\u00e8res? Huur dan een appartement in de Var! Camping Clair de Lune heeft verschillende appartementen van 30 m2 voor 4 of 5 personen. L&#8217;Eucalyptus (2 kamers, 5 personen), gerenoveerd in [&hellip;]<\/p>\n","protected":false},"featured_media":16108,"menu_order":0,"template":"","format":"standard","meta":{"_acf_changed":false,"footnotes":""},"blog":[54],"acf":[],"_links":{"self":[{"href":"https:\/\/acampa-vacances.com\/nl\/wp-json\/wp\/v2\/blog\/13707"}],"collection":[{"href":"https:\/\/acampa-vacances.com\/nl\/wp-json\/wp\/v2\/blog"}],"about":[{"href":"https:\/\/acampa-vacances.com\/nl\/wp-json\/wp\/v2\/types\/blog"}],"version-history":[{"count":1,"href":"https:\/\/acampa-vacances.com\/nl\/wp-json\/wp\/v2\/blog\/13707\/revisions"}],"predecessor-version":[{"id":13708,"href":"https:\/\/acampa-vacances.com\/nl\/wp-json\/wp\/v2\/blog\/13707\/revisions\/13708"}],"wp:featuredmedia":[{"embeddable":true,"href":"https:\/\/acampa-vacances.com\/nl\/wp-json\/wp\/v2\/media\/16108"}],"wp:attachment":[{"href":"https:\/\/acampa-vacances.com\/nl\/wp-json\/wp\/v2\/media?parent=13707"}],"wp:term":[{"taxonomy":"blog","embeddable":true,"href":"https:\/\/acampa-vacances.com\/nl\/wp-json\/wp\/v2\/blog?post=13707"}],"curies":[{"name":"wp","href":"https:\/\/api.w.org\/{rel}","templated":true}]}}